{"id":31012,"date":"2018-07-22T13:29:05","date_gmt":"2018-07-22T18:29:05","guid":{"rendered":"http:\/\/elinformanteperu.com\/?p=31012"},"modified":"2018-07-22T13:29:05","modified_gmt":"2018-07-22T18:29:05","slug":"sabes-si-tienes-anemia-existe-un-plan-gratuito-para-combatirlo","status":"publish","type":"post","link":"https:\/\/elinformanteperu.com\/index.php\/2018\/07\/22\/sabes-si-tienes-anemia-existe-un-plan-gratuito-para-combatirlo\/","title":{"rendered":"\u00bfSabes si tienes anemia? Existe un plan gratuito para combatirlo"},"content":{"rendered":"<p><strong><span style=\"color: #000000;\">La deficiencia de hierro en la sangre es una de las causas m\u00e1s comunes de anemia en el pa\u00eds, la cual es perjudicial para nuestra salud.<\/span><\/strong><\/p>\n<p><span style=\"color: #000000;\"><strong>Lima, 22 de Julio 2018, (ANDINA).-<\/strong> La deficiencia de hierro en la sangre es una de las causas m\u00e1s comunes de anemia en el pa\u00eds, la cual es perjudicial para nuestra salud y, en el caso de los beb\u00e9s y ni\u00f1os, constituye un riesgo para el desarrollo de su inteligencia.<\/span><\/p>\n<p><span style=\"color: #000000;\">La anemia no es una enfermedad, pero s\u00ed un indicio cl\u00ednico que evidencia la producci\u00f3n inadecuada o p\u00e9rdida exagerada de gl\u00f3bulos rojos, que son los responsables de transportar el ox\u00edgeno en todo el cuerpo, incluido el cerebro.<\/span><\/p>\n<p><span style=\"color: #000000;\">El 60 % a 70 % de la poblaci\u00f3n nacional presenta una anemia leve, con la que convive sin saberlo. Muchas de estas personas tienen incluso ingresos econ\u00f3micos altos, coment\u00f3 Julie Mariaca, coordinadora de la estrategia de alimentaci\u00f3n y nutrici\u00f3n saludable, de la Direcci\u00f3n de Intervenciones Estrat\u00e9gicas en Salud P\u00fablica del Ministerio de Salud.<\/span><\/p>\n<p><span style=\"color: #000000;\">Lo m\u00e1s preocupante, afirm\u00f3, es que est\u00e1 presente tambi\u00e9n en la poblaci\u00f3n infantil del pa\u00eds: el 43.6 % de ni\u00f1os menores de tres a\u00f1os la tiene, alrededor de 743, 000 ni\u00f1os.<\/span><\/p>\n<p><span style=\"color: #000000;\">La anemia tiene consecuencias en la salud y desarrollo cognitivo, motor, emocional y social. Lamentablemente se presenta en la etapa de mayor velocidad de crecimiento y diferenciaci\u00f3n de las c\u00e9lulas cerebrales, como son los 24 meses de vida. Durante el embarazo est\u00e1s asociada a elevadas tasas de mortalidad materna y de beb\u00e9s.<\/span><\/p>\n<p><strong><span style=\"color: #000000;\">\u00bfCu\u00e1nto tienes de hemoglobina?<\/span><\/strong><\/p>\n<p><span style=\"color: #000000;\">Las personas que padecen anemia, independiente de su causa, est\u00e1n muy cansadas, tienen mareos y, en ocasiones, se muestran irritables. Pueden presentar palidez en cara, u\u00f1as y pliegues palmares. Una prueba de sangre puede certificar o descarta su presencia.<\/span><\/p>\n<p><span style=\"color: #000000;\">La Organizaci\u00f3n Mundial de la Salud (OMS) refiere que poseer menos de 13 g\/dL de hemoglobina en la sangre indica anemia en los hombres. En las mujeres, el valor debe ser menor que 12 g\/dL de hemoglobina.<\/span><\/p>\n<p><span style=\"color: #000000;\">Mariaca explic\u00f3 que, si bien la desnutrici\u00f3n aparece b\u00e1sicamente por una mala alimentaci\u00f3n y puede corregirse mejorando la calidad de nuestras comidas, la anemia se relaciona con la falta de hierro, un mineral que no siempre est\u00e1 presente en lo que comemos. Por eso encontramos personas desnutridas sin anemia y personas obesas con anemia.<\/span><\/p>\n<p><span style=\"color: #000000;\">Ante la enorme complejidad que implica reducirla, a inicios de este mes se lanz\u00f3 el Plan Nacional para la Reducci\u00f3n de la Anemia 2017-2021, que priorizar\u00e1 la atenci\u00f3n de los ni\u00f1os menores de tres a\u00f1os, adolescentes, mujeres en edad f\u00e9rtil y gestantes, quienes son los m\u00e1s vulnerables de padecerla.<\/span><\/p>\n<p><span style=\"color: #000000;\">La experta inform\u00f3 que para cada grupo poblacional existe un paquete de atenci\u00f3n totalmente gratuito en los centros de salud, orientado a ofrecer suplementaci\u00f3n de hierro, a trav\u00e9s de gotas, jarabe, micronutrientes o pastillas de sulfato ferroso, dependiendo de la edad de las personas.<\/span><\/p>\n<p><strong><span style=\"color: #000000;\">Sin hierro, sin inteligencia<\/span><\/strong><\/p>\n<p><span style=\"color: #000000;\">De esta manera, todos los beb\u00e9s a partir de los 4 meses recibir\u00e1n gotitas de hierro en su establecimiento de salud m\u00e1s cercano, a fin de prevenir la aparici\u00f3n de la anemia. A los seis meses se les har\u00e1 una prueba de sangre para saber si tienen anemia.<\/span><\/p>\n<p><span style=\"color: #000000;\">De dar positivo en la prueba, la experta del Ministerio de Salud detall\u00f3 que la madre recibir\u00e1 un jarabe para continuar reforzando el hierro de su beb\u00e9. De no tener anemia, ella le administrar\u00e1 micronutrientes en la papilla que empieza a recibir.<\/span><\/p>\n<p><span style=\"color: #000000;\">\u201cHay que priorizar y romper varios mitos. Pensamos que quien debe comer mejor es el padre de familia, el que trae dinero a la casa, pero quien debe hacerlo es en realidad el peque\u00f1o de la casa. Y no se necesita un kilo de carne diaria, si es beb\u00e9 con apenas dos cucharadas de h\u00edgado es suficiente\u201d.<\/span><\/p>\n<p><span style=\"color: #000000;\">Los alimentos para evitar la anemia son la sangrecita, que tiene mucho hierro, el h\u00edgado de pollo, h\u00edgado de res, bazo, bofe y pescado.<\/span><\/p>\n<p><span style=\"color: #000000;\">\u201cCuando un ni\u00f1o ha tenido anemia desde peque\u00f1o, a los 3 o 4 a\u00f1os ya hay problemas. Hay desordenes de comportamiento, se demora en hablar. Su cerebro no es el mismo. El da\u00f1o es irreversible. Ser\u00e1 un adulto poco productivo, poco inteligente, que de pronto no va a llegar a la universidad, que trabajar\u00e1 en algo m\u00e1s sencillo\u201d.<\/span><\/p>\n<p><span style=\"color: #000000;\">Agreg\u00f3 que, si se trata de una embarazada con anemia, tal vez muera durante el parto o pierda el beb\u00e9 antes de tiempo. De poder alumbrar, esa mujer quedar\u00e1 m\u00e1s debilitada y tendr\u00e1 un beb\u00e9 con menos nutrientes. No ser\u00e1 una mujer saludable, tal vez no pueda trabajar ni desarrollar todas sus potencialidades.<\/span><\/p>\n<p><span style=\"color: #000000;\">Tras anunciar que se proyecta trabajar con el Ministerio de Educaci\u00f3n para ofrecer suplementaci\u00f3n de hierro a todas las adolescentes del pa\u00eds, la experta invit\u00f3 a la poblaci\u00f3n a tomar conciencia sobre este problema y buscar los programas gratuitos que se ofrecen en los centros de salud dirigidos a combatir la anemia.<\/span><\/p>\n","protected":false},"excerpt":{"rendered":"<p>La deficiencia de hierro en la sangre es una de las causas m\u00e1s comunes de anemia en el pa\u00eds, la cual es perjudicial para nuestra salud. Lima, 22 de Julio 2018, (ANDINA).- La deficiencia de hierro en la sangre es una de las causas m\u00e1s comunes de anemia en el pa\u00eds, la cual es perjudicial [&hellip;]<\/p>\n","protected":false},"author":1,"featured_media":31014,"comment_status":"open","ping_status":"open","sticky":false,"template":"","format":"standard","meta":{"rop_custom_images_group":[],"rop_custom_messages_group":[],"rop_publish_now":"initial","rop_publish_now_accounts":[],"rop_publish_now_history":[],"rop_publish_now_status":"pending","footnotes":""},"categories":[21],"tags":[388,431],"class_list":["post-31012","post","type-post","status-publish","format-standard","has-post-thumbnail","hentry","category-orientacion","tag-ministerio-de-salud","tag-minsa"],"_links":{"self":[{"href":"https:\/\/elinformanteperu.com\/index.php\/wp-json\/wp\/v2\/posts\/31012","targetHints":{"allow":["GET"]}}],"collection":[{"href":"https:\/\/elinformanteperu.com\/index.php\/wp-json\/wp\/v2\/posts"}],"about":[{"href":"https:\/\/elinformanteperu.com\/index.php\/wp-json\/wp\/v2\/types\/post"}],"author":[{"embeddable":true,"href":"https:\/\/elinformanteperu.com\/index.php\/wp-json\/wp\/v2\/users\/1"}],"replies":[{"embeddable":true,"href":"https:\/\/elinformanteperu.com\/index.php\/wp-json\/wp\/v2\/comments?post=31012"}],"version-history":[{"count":1,"href":"https:\/\/elinformanteperu.com\/index.php\/wp-json\/wp\/v2\/posts\/31012\/revisions"}],"predecessor-version":[{"id":31015,"href":"https:\/\/elinformanteperu.com\/index.php\/wp-json\/wp\/v2\/posts\/31012\/revisions\/31015"}],"wp:featuredmedia":[{"embeddable":true,"href":"https:\/\/elinformanteperu.com\/index.php\/wp-json\/wp\/v2\/media\/31014"}],"wp:attachment":[{"href":"https:\/\/elinformanteperu.com\/index.php\/wp-json\/wp\/v2\/media?parent=31012"}],"wp:term":[{"taxonomy":"category","embeddable":true,"href":"https:\/\/elinformanteperu.com\/index.php\/wp-json\/wp\/v2\/categories?post=31012"},{"taxonomy":"post_tag","embeddable":true,"href":"https:\/\/elinformanteperu.com\/index.php\/wp-json\/wp\/v2\/tags?post=31012"}],"curies":[{"name":"wp","href":"https:\/\/api.w.org\/{rel}","templated":true}]}}