{"id":31004,"date":"2018-07-22T13:16:43","date_gmt":"2018-07-22T18:16:43","guid":{"rendered":"http:\/\/elinformanteperu.com\/?p=31004"},"modified":"2018-07-22T13:16:43","modified_gmt":"2018-07-22T18:16:43","slug":"conoce-el-plan-de-desvio-por-el-corso-en-surco-y-surquillo","status":"publish","type":"post","link":"https:\/\/elinformanteperu.com\/index.php\/2018\/07\/22\/conoce-el-plan-de-desvio-por-el-corso-en-surco-y-surquillo\/","title":{"rendered":"Conoce el plan de desv\u00edo por el corso en Surco y Surquillo"},"content":{"rendered":"<p><strong><span style=\"color: #000000;\">Hoy domingo se ejecutar\u00e1 un plan de desv\u00edo del tr\u00e1nsito vehicular en diversas calles de los distritos de Surquillo y Santiago de Surco.<\/span><\/strong><\/p>\n<p><span style=\"color: #000000;\"><strong>Lima, 22 de Julio 2018, (ANDINA).-<\/strong> Hoy domingo se ejecutar\u00e1 un plan de desv\u00edo del tr\u00e1nsito vehicular en diversas calles de los distritos de Surquillo y Santiago de Surco debido a la realizaci\u00f3n del XXXI corso de Wong 2018, inform\u00f3 la Gerencia de Transporte Urbano (GTU) de la Municipalidad de Lima.<\/span><\/p>\n<p><span style=\"color: #000000;\">Para el desarrollo del pasacalle se restringir\u00e1 la circulaci\u00f3n de veh\u00edculos en la avenida Aviaci\u00f3n (ambos sentidos), desde la Av. Angamos hasta el \u00f3valo Higuereta, as\u00ed como la Av. Santiago de Surco (ambos sentidos) hasta el cruce con la Av. Los Vicus.<\/span><\/p>\n<p><span style=\"color: #000000;\">Esta nueva edici\u00f3n empezar\u00e1 a las 3:30 p.m. en la cuadra 43 de la avenida Aviaci\u00f3n en Surquillo y finalizar\u00e1 a las 8:00 p.m. aproximadamente en el \u00d3valo Higuereta en Surco.<\/span><\/p>\n<p><span style=\"color: #000000;\">En ese sentido, se recomienda a los conductores utilizar como v\u00edas alternas las siguientes calles:<\/span><\/p>\n<p><strong><span style=\"color: #000000;\">Norte \u2013 Sur:<\/span><\/strong><\/p>\n<p><span style=\"color: #000000;\">Av. Aviaci\u00f3n\u2013 Av. Angamos Este\u2013 Av. Tom\u00e1s Marsano-Av. Manuel Villar\u00e1n-Av. Ram\u00edrez Gast\u00f3n-Av. La Merced-Av. Ram\u00f3n Castilla-Av. Ayacucho-Av. Tom\u00e1s Marsano\u2026continuar ruta<\/span><\/p>\n<p><strong><span style=\"color: #000000;\">Sur \u2013 Norte:<\/span><\/strong><\/p>\n<p><span style=\"color: #000000;\">Av. Santiago de Surco-Av. Ayacucho-Av. Benavides-Av. Higuereta-Av. Caminos del Inca-Av. Angamos Este-Av. Aviaci\u00f3n\u2026seguir ruta.<\/span><\/p>\n<p><strong><span style=\"color: #000000;\">Oeste \u2013 Este:<\/span><\/strong><\/p>\n<p><span style=\"color: #000000;\">Av. Benavides\u2013 Av. La Merced-Av. Ram\u00f3n Castilla-Av. Ayacucho-Av. Benavides\u2026continuar ruta.<\/span><\/p>\n<p><strong><span style=\"color: #000000;\">Este \u2013 Oeste:<\/span><\/strong><\/p>\n<p><span style=\"color: #000000;\">Av. Benavides-Av. Ayacucho-Av. Ram\u00f3n Castilla-Av. La Merced-Av. Benavides\u2026seguir ruta.<\/span><\/p>\n<p><span style=\"color: #000000;\">Se recomienda a los conductores tomar sus precauciones y evitar circular por las v\u00edas restringidas.<\/span><\/p>\n","protected":false},"excerpt":{"rendered":"<p>Hoy domingo se ejecutar\u00e1 un plan de desv\u00edo del tr\u00e1nsito vehicular en diversas calles de los distritos de Surquillo y Santiago de Surco. Lima, 22 de Julio 2018, (ANDINA).- Hoy domingo se ejecutar\u00e1 un plan de desv\u00edo del tr\u00e1nsito vehicular en diversas calles de los distritos de Surquillo y Santiago de Surco debido a la [&hellip;]<\/p>\n","protected":false},"author":1,"featured_media":31006,"comment_status":"open","ping_status":"open","sticky":false,"template":"","format":"standard","meta":{"rop_custom_images_group":[],"rop_custom_messages_group":[],"rop_publish_now":"initial","rop_publish_now_accounts":[],"rop_publish_now_history":[],"rop_publish_now_status":"pending","footnotes":""},"categories":[10],"tags":[3416,122,655],"class_list":["post-31004","post","type-post","status-publish","format-standard","has-post-thumbnail","hentry","category-actualidad-municipal","tag-corso-wong-2018","tag-municipalidad-de-lima","tag-municipalidad-de-santiago-de-surco"],"_links":{"self":[{"href":"https:\/\/elinformanteperu.com\/index.php\/wp-json\/wp\/v2\/posts\/31004","targetHints":{"allow":["GET"]}}],"collection":[{"href":"https:\/\/elinformanteperu.com\/index.php\/wp-json\/wp\/v2\/posts"}],"about":[{"href":"https:\/\/elinformanteperu.com\/index.php\/wp-json\/wp\/v2\/types\/post"}],"author":[{"embeddable":true,"href":"https:\/\/elinformanteperu.com\/index.php\/wp-json\/wp\/v2\/users\/1"}],"replies":[{"embeddable":true,"href":"https:\/\/elinformanteperu.com\/index.php\/wp-json\/wp\/v2\/comments?post=31004"}],"version-history":[{"count":1,"href":"https:\/\/elinformanteperu.com\/index.php\/wp-json\/wp\/v2\/posts\/31004\/revisions"}],"predecessor-version":[{"id":31007,"href":"https:\/\/elinformanteperu.com\/index.php\/wp-json\/wp\/v2\/posts\/31004\/revisions\/31007"}],"wp:featuredmedia":[{"embeddable":true,"href":"https:\/\/elinformanteperu.com\/index.php\/wp-json\/wp\/v2\/media\/31006"}],"wp:attachment":[{"href":"https:\/\/elinformanteperu.com\/index.php\/wp-json\/wp\/v2\/media?parent=31004"}],"wp:term":[{"taxonomy":"category","embeddable":true,"href":"https:\/\/elinformanteperu.com\/index.php\/wp-json\/wp\/v2\/categories?post=31004"},{"taxonomy":"post_tag","embeddable":true,"href":"https:\/\/elinformanteperu.com\/index.php\/wp-json\/wp\/v2\/tags?post=31004"}],"curies":[{"name":"wp","href":"https:\/\/api.w.org\/{rel}","templated":true}]}}