{"id":31000,"date":"2018-07-22T13:12:39","date_gmt":"2018-07-22T18:12:39","guid":{"rendered":"http:\/\/elinformanteperu.com\/?p=31000"},"modified":"2018-07-22T13:12:39","modified_gmt":"2018-07-22T18:12:39","slug":"tres-sismos-de-regular-magnitud-ocurrieron-en-ica-y-madre-de-dios","status":"publish","type":"post","link":"https:\/\/elinformanteperu.com\/index.php\/2018\/07\/22\/tres-sismos-de-regular-magnitud-ocurrieron-en-ica-y-madre-de-dios\/","title":{"rendered":"Tres sismos de regular magnitud ocurrieron en Ica y Madre de Dios"},"content":{"rendered":"<p><strong><span style=\"color: #000000;\">En lo que va del d\u00eda se ha registrado dos sismos de regular magnitud en la regi\u00f3n Ica y uno en Madre de Dios, inform\u00f3 el Instituto Geof\u00edsico del Per\u00fa (IGP).<\/span><\/strong><\/p>\n<p><span style=\"color: #000000;\"><strong>Lima, 22 de Julio 2018, (ANDINA).-<\/strong> En lo que va del d\u00eda se ha registrado dos sismos de regular magnitud en la regi\u00f3n Ica y uno en Madre de Dios, inform\u00f3 el Instituto Geof\u00edsico del Per\u00fa (IGP), pero hasta el momento no se han reportado da\u00f1os personales ni materiales.<\/span><\/p>\n<p><span style=\"color: #000000;\">El movimiento tel\u00farico de mayor magnitud (4.6) ocurri\u00f3 a las 01:24 horas, a 77 kil\u00f3metros al suroeste de la ciudad de Ica, con una profundidad de 19 kil\u00f3metros.<\/span><\/p>\n<p><span style=\"color: #000000;\">La intensidad fue de II y III grados en Ica.<\/span><\/p>\n<p><span style=\"color: #000000;\">Asimismo, a las 05:16 horas, el segundo temblor en la regi\u00f3n de Ica, de magnitud 4.1, se present\u00f3 a 63 kil\u00f3metros al suroeste del distrito de Marcona, provincia de Nasca.<\/span><\/p>\n<p><span style=\"color: #000000;\">La profundidad alcanz\u00f3 los 33 kil\u00f3metros.<\/span><\/p>\n<p><span style=\"color: #000000;\">En tanto, en Madre de Dios, el sismo tambi\u00e9n de magnitud 4.1, se report\u00f3 a las 02:12 horas a 87 kil\u00f3metros al oeste del distrito de Fitzcarrald, provincia de Manu.<\/span><\/p>\n","protected":false},"excerpt":{"rendered":"<p>En lo que va del d\u00eda se ha registrado dos sismos de regular magnitud en la regi\u00f3n Ica y uno en Madre de Dios, inform\u00f3 el Instituto Geof\u00edsico del Per\u00fa (IGP). Lima, 22 de Julio 2018, (ANDINA).- En lo que va del d\u00eda se ha registrado dos sismos de regular magnitud en la regi\u00f3n Ica [&hellip;]<\/p>\n","protected":false},"author":1,"featured_media":31002,"comment_status":"open","ping_status":"open","sticky":false,"template":"","format":"standard","meta":{"rop_custom_images_group":[],"rop_custom_messages_group":[],"rop_publish_now":"initial","rop_publish_now_accounts":[],"rop_publish_now_history":[],"rop_publish_now_status":"pending","footnotes":""},"categories":[10],"tags":[1865,148,1864,426],"class_list":["post-31000","post","type-post","status-publish","format-standard","has-post-thumbnail","hentry","category-actualidad-municipal","tag-igp","tag-indeci","tag-instituto-geofisico-del-peru","tag-sismo"],"_links":{"self":[{"href":"https:\/\/elinformanteperu.com\/index.php\/wp-json\/wp\/v2\/posts\/31000","targetHints":{"allow":["GET"]}}],"collection":[{"href":"https:\/\/elinformanteperu.com\/index.php\/wp-json\/wp\/v2\/posts"}],"about":[{"href":"https:\/\/elinformanteperu.com\/index.php\/wp-json\/wp\/v2\/types\/post"}],"author":[{"embeddable":true,"href":"https:\/\/elinformanteperu.com\/index.php\/wp-json\/wp\/v2\/users\/1"}],"replies":[{"embeddable":true,"href":"https:\/\/elinformanteperu.com\/index.php\/wp-json\/wp\/v2\/comments?post=31000"}],"version-history":[{"count":1,"href":"https:\/\/elinformanteperu.com\/index.php\/wp-json\/wp\/v2\/posts\/31000\/revisions"}],"predecessor-version":[{"id":31003,"href":"https:\/\/elinformanteperu.com\/index.php\/wp-json\/wp\/v2\/posts\/31000\/revisions\/31003"}],"wp:featuredmedia":[{"embeddable":true,"href":"https:\/\/elinformanteperu.com\/index.php\/wp-json\/wp\/v2\/media\/31002"}],"wp:attachment":[{"href":"https:\/\/elinformanteperu.com\/index.php\/wp-json\/wp\/v2\/media?parent=31000"}],"wp:term":[{"taxonomy":"category","embeddable":true,"href":"https:\/\/elinformanteperu.com\/index.php\/wp-json\/wp\/v2\/categories?post=31000"},{"taxonomy":"post_tag","embeddable":true,"href":"https:\/\/elinformanteperu.com\/index.php\/wp-json\/wp\/v2\/tags?post=31000"}],"curies":[{"name":"wp","href":"https:\/\/api.w.org\/{rel}","templated":true}]}}