{"id":30896,"date":"2018-07-17T00:19:39","date_gmt":"2018-07-17T05:19:39","guid":{"rendered":"http:\/\/elinformanteperu.com\/?p=30896"},"modified":"2018-07-17T00:19:39","modified_gmt":"2018-07-17T05:19:39","slug":"jueza-flor-guerrero-roldan-es-la-nueva-presidenta-de-la-corte-del-callao","status":"publish","type":"post","link":"https:\/\/elinformanteperu.com\/index.php\/2018\/07\/17\/jueza-flor-guerrero-roldan-es-la-nueva-presidenta-de-la-corte-del-callao\/","title":{"rendered":"Jueza Flor Guerrero Rold\u00e1n es la nueva presidenta de la Corte del Callao"},"content":{"rendered":"<p><strong>Jueza Superior asumir\u00e1 el cargo el martes 17 de julio a las 8:30 am y culminar\u00e1 el periodo de gesti\u00f3n el 31 de diciembre de este a\u00f1o.\u00a0<\/strong><\/p>\n<p><strong>Lima, 16 de Julio 2018, (El Informante Per\u00fa).-<\/strong> Fue elegida y proclamada en sesi\u00f3n de Sala Plena como Presidenta de la Corte Superior de Justicia del Callao la Jueza Superior Titular, Flor Aurora Guerrero Rold\u00e1n, quien asumir\u00e1 dicho cargo a partir del martes 17 de julio y culminar\u00e1 el 31 de diciembre del presente a\u00f1o.<\/p>\n<p>\u201cVoy a combatir la corrupci\u00f3n en el \u00e1mbito jurisdiccional y administrativo, desterrando cualquier indicio que se presente y trabajar\u00e9 por una pol\u00edtica de \u201cpuertas abiertas\u201d escuchando a los usuarios hasta recuperar la confianza de la ciudadan\u00eda\u201d, afirm\u00f3 la nueva titular de la Corte del Callao.<\/p>\n<p>Destac\u00f3 que brindar\u00e1 las facilidades a la comisi\u00f3n interventora del Poder Judicial que est\u00e1 liderada por el Juez Supremo H\u00e9ctor Lama More y tambi\u00e9n solicitar\u00e1 que la Contralor\u00eda General de la Rep\u00fablica realice una auditoria exhaustiva en los \u00f3rganos administrativos sancionando a quienes hayan incurrido en actos il\u00edcitos.<\/p>\n<p>A\u00f1adi\u00f3 que los jueces supernumerarios ya no ser\u00e1n designados \u201ca dedo\u201d porque habr\u00e1 una comisi\u00f3n que se encargue de seleccionarlos y adem\u00e1s se cumplir\u00e1 con la Ley Org\u00e1nica del Poder Judicial que establece que las promociones o ascensos ser\u00e1n en base a la meritocracia y antig\u00fcedad.<\/p>\n<p>A\u00f1adi\u00f3 que tiene una trayectoria limpia y que nadie podr\u00e1 se\u00f1alarla por conductas inadecuadas.<\/p>\n<p>Con respecto al magistrado Daniel Peirano S\u00e1nchez, manifest\u00f3 que se acord\u00f3 en la sesi\u00f3n de la Sala Plena que todos los jueces involucrados en los audios difundidos por los medios de comunicaci\u00f3n se someter\u00edan a las investigaciones respectivas.<\/p>\n<p>Con respecto al caso del magistrado Cerapio Roque Huamanc\u00f3ndor expres\u00f3 su respaldo e indic\u00f3 que la Sala Plena se ha comprometido en brindarle las garant\u00edas correspondientes para que siga cumpliendo su labor.<\/p>\n<p><strong>Trayectoria<\/strong><\/p>\n<p>Flor Guerrero Rold\u00e1n fue jefa de la Unidad Anticorrupci\u00f3n de la OCMA en los a\u00f1os 2014-2015, siendo premiada por su excelente labor por la Jefa del \u00f3rgano de Control, Ana Mar\u00eda Aranda Rodr\u00edguez.<\/p>\n<p>Inici\u00f3 su carrera en el Poder Judicial desde auxiliar jurisdiccional, luego fue secretaria de Sala, Jueza especializada Laboral, luego estuvo 11 a\u00f1os como jueza superior provisional y desde el a\u00f1o 2003 es jueza superior titular del Callao.<\/p>\n<p>Actualmente preside la Sala Laboral Permanente del Callao y ha sido jefa de la Oficina Desconcentrada de Control de la Magistratura en los a\u00f1os 2013-2014<\/p>\n<p>La ceremonia de juramentaci\u00f3n se realizar\u00e1 el martes 17 de julio a las 8:30 am en la Escuela de Formaci\u00f3n Jurisdiccional de la Corte Superior del Callao ubicada en la Av. Colonial cda. 26 s\/n &#8211; Callao.<\/p>\n<p><img fetchpriority=\"high\" decoding=\"async\" class=\"aligncenter size-full wp-image-30899\" src=\"http:\/\/elinformanteperu.com\/wp-content\/uploads\/2018\/07\/Flor-Guerrero-Roldan-presidenta-PJ-Callao1.jpg\" alt=\"\" width=\"800\" height=\"797\" srcset=\"https:\/\/elinformanteperu.com\/wp-content\/uploads\/2018\/07\/Flor-Guerrero-Roldan-presidenta-PJ-Callao1.jpg 800w, https:\/\/elinformanteperu.com\/wp-content\/uploads\/2018\/07\/Flor-Guerrero-Roldan-presidenta-PJ-Callao1-150x150.jpg 150w, https:\/\/elinformanteperu.com\/wp-content\/uploads\/2018\/07\/Flor-Guerrero-Roldan-presidenta-PJ-Callao1-300x300.jpg 300w, https:\/\/elinformanteperu.com\/wp-content\/uploads\/2018\/07\/Flor-Guerrero-Roldan-presidenta-PJ-Callao1-768x765.jpg 768w, https:\/\/elinformanteperu.com\/wp-content\/uploads\/2018\/07\/Flor-Guerrero-Roldan-presidenta-PJ-Callao1-128x128.jpg 128w, https:\/\/elinformanteperu.com\/wp-content\/uploads\/2018\/07\/Flor-Guerrero-Roldan-presidenta-PJ-Callao1-32x32.jpg 32w, https:\/\/elinformanteperu.com\/wp-content\/uploads\/2018\/07\/Flor-Guerrero-Roldan-presidenta-PJ-Callao1-60x60.jpg 60w, https:\/\/elinformanteperu.com\/wp-content\/uploads\/2018\/07\/Flor-Guerrero-Roldan-presidenta-PJ-Callao1-50x50.jpg 50w\" sizes=\"(max-width: 800px) 100vw, 800px\" \/><\/p>\n","protected":false},"excerpt":{"rendered":"<p>Jueza Superior asumir\u00e1 el cargo el martes 17 de julio a las 8:30 am y culminar\u00e1 el periodo de gesti\u00f3n el 31 de diciembre de este a\u00f1o.\u00a0 Lima, 16 de Julio 2018, (El Informante Per\u00fa).- Fue elegida y proclamada en sesi\u00f3n de Sala Plena como Presidenta de la Corte Superior de Justicia del Callao la [&hellip;]<\/p>\n","protected":false},"author":1,"featured_media":30898,"comment_status":"open","ping_status":"open","sticky":false,"template":"","format":"standard","meta":{"rop_custom_images_group":[],"rop_custom_messages_group":[],"rop_publish_now":"initial","rop_publish_now_accounts":[],"rop_publish_now_history":[],"rop_publish_now_status":"pending","footnotes":""},"categories":[5],"tags":[3409,487],"class_list":["post-30896","post","type-post","status-publish","format-standard","has-post-thumbnail","hentry","category-actualidad-informativa","tag-flor-guerrero-roldan","tag-poder-judicial-callao"],"_links":{"self":[{"href":"https:\/\/elinformanteperu.com\/index.php\/wp-json\/wp\/v2\/posts\/30896","targetHints":{"allow":["GET"]}}],"collection":[{"href":"https:\/\/elinformanteperu.com\/index.php\/wp-json\/wp\/v2\/posts"}],"about":[{"href":"https:\/\/elinformanteperu.com\/index.php\/wp-json\/wp\/v2\/types\/post"}],"author":[{"embeddable":true,"href":"https:\/\/elinformanteperu.com\/index.php\/wp-json\/wp\/v2\/users\/1"}],"replies":[{"embeddable":true,"href":"https:\/\/elinformanteperu.com\/index.php\/wp-json\/wp\/v2\/comments?post=30896"}],"version-history":[{"count":1,"href":"https:\/\/elinformanteperu.com\/index.php\/wp-json\/wp\/v2\/posts\/30896\/revisions"}],"predecessor-version":[{"id":30900,"href":"https:\/\/elinformanteperu.com\/index.php\/wp-json\/wp\/v2\/posts\/30896\/revisions\/30900"}],"wp:featuredmedia":[{"embeddable":true,"href":"https:\/\/elinformanteperu.com\/index.php\/wp-json\/wp\/v2\/media\/30898"}],"wp:attachment":[{"href":"https:\/\/elinformanteperu.com\/index.php\/wp-json\/wp\/v2\/media?parent=30896"}],"wp:term":[{"taxonomy":"category","embeddable":true,"href":"https:\/\/elinformanteperu.com\/index.php\/wp-json\/wp\/v2\/categories?post=30896"},{"taxonomy":"post_tag","embeddable":true,"href":"https:\/\/elinformanteperu.com\/index.php\/wp-json\/wp\/v2\/tags?post=30896"}],"curies":[{"name":"wp","href":"https:\/\/api.w.org\/{rel}","templated":true}]}}