{"id":30852,"date":"2018-07-16T23:08:52","date_gmt":"2018-07-17T04:08:52","guid":{"rendered":"http:\/\/elinformanteperu.com\/?p=30852"},"modified":"2018-07-16T23:08:52","modified_gmt":"2018-07-17T04:08:52","slug":"los-bleus-llegan-a-francia-para-continuar-la-fiesta","status":"publish","type":"post","link":"https:\/\/elinformanteperu.com\/index.php\/2018\/07\/16\/los-bleus-llegan-a-francia-para-continuar-la-fiesta\/","title":{"rendered":"Los Bleus llegan a Francia para continuar la fiesta"},"content":{"rendered":"<p><span style=\"color: #000000;\"><span style=\"color: #000000;\"><b>Los integrantes de la selecci\u00f3n francesa quienes se proclamaron campeones del Mundo, llegaron\u00a0a su pa\u00eds en medio de la total algarab\u00eda de sus simpatizantes.<\/b><\/span><\/span><\/p>\n<p><span style=\"color: #000000;\"><strong>Par\u00eds, 16 de Julio 2018, (ANDINA).-<\/strong> Los integrantes de la selecci\u00f3n francesa de f\u00fatbol, que el domingo se proclamaron campeones del Mundial de Rusia-2018, aterrizaron en el aeropuerto parisino de Roissy Charles de Gaulle.<\/span><\/p>\n<p><span style=\"color: #000000;\">Desde el aeropuerto, los Bleus se dirigir\u00e1n al centro de la ciudad, donde tienen previsto desfilar por los Campos El\u00edseos, para compartir el t\u00edtulo con los hinchas, y luego ser recibidos en el Palacio del El\u00edseo por el presidente de la Rep\u00fablica, Emmanuel Macron.<\/span><\/p>\n<p><span style=\"color: #000000;\">Los jugadores de la selecci\u00f3n francesa de f\u00fatbol regresaron este lunes a casa, donde continuar\u00e1n los festejos por el t\u00edtulo mundial conquistado el domingo en Mosc\u00fa, especialmente un ba\u00f1o de masas en los Campos El\u00edseos.<\/span><\/p>\n<p><span style=\"color: #000000;\">Los bomberos les obsequiaron con un \u00abwater salute\u00bb, un arco monumental con chorros de agua, para darles una bienvenida con honores.<\/span><\/p>\n<p><span style=\"color: #000000;\">El capit\u00e1n Hugo Lloris, con el trofeo en la mano, y el seleccionador Didier Deschamps salieron los primeros del avi\u00f3n. Fueron recibidos por la ministra de Deportes, Laura Flessel, mientras el personal del aeropuerto cantaba \u00abMerci les Bleus\u00bb (Gracias, Bleus).<\/span><\/p>\n<p><span style=\"color: #000000;\">A partir de esta llegada empezaba una agenda cargada para el equipo campe\u00f3n del mundo.<\/span><\/p>\n<p><span style=\"color: #000000;\">En un autob\u00fas decorado con dos estrellas y con la menci\u00f3n \u00abCampe\u00f3n del mundo\u00bb iban a dirigirse hasta los Campos El\u00edseos.<\/span><\/p>\n<p><span style=\"color: #000000;\">En otro autob\u00fas, descubierto esta vez, bajar\u00e1n la emblem\u00e1tica avenida desde la plaza del Arco del Triunfo, como hicieron hace dos d\u00e9cadas en el mismo lugar, un 13 de julio de 1998, los Bleus campeones del Mundial de aquel a\u00f1o, entonces aclamados por medio mill\u00f3n de personas.<\/span><\/p>\n<p><span style=\"color: #000000;\">Los Campos El\u00edseos ya hab\u00edan sido punto de reuni\u00f3n el domingo de los hinchas.<\/span><\/p>\n<p><span style=\"color: #000000;\">Este lunes, una multitud con los colores nacionales, azul-blanco-rojo, se reun\u00eda de nuevo en el lugar, en un d\u00eda soleado y caluroso.<\/span><\/p>\n<p><span style=\"color: #000000;\">\u00abEstamos muy orgullosos de este equipo, \u00a1son nuestros jugadores!\u00bb, se entusiasmaba Priscilla Lagneux, que hab\u00eda llegado al lugar con amigos unas horas antes. \u00abTen\u00edamos que verles y la Copa tambi\u00e9n\u00bb, explica esta mujer de 28 a\u00f1os, que esperaba poder ver de cerca a su jugador favorito, Paul Pogba.<\/span><\/p>\n<p><span style=\"color: #000000;\">\u00abTenemos una Francia preciosa. Todo el mundo est\u00e1 contento, todo el mundo es estupendo\u00bb, celebraba Anna, de 16 a\u00f1os. \u00abMi padre me ha cansado tanto con el 98&#8230; \u00a1ahora puedo vivir yo esto!\u00bb, sonr\u00ede.<\/span><\/p>\n<p><strong><span style=\"color: #000000;\">Legi\u00f3n de Honor<\/span><\/strong><\/p>\n<p><img fetchpriority=\"high\" decoding=\"async\" class=\"aligncenter size-full wp-image-30855\" src=\"http:\/\/elinformanteperu.com\/wp-content\/uploads\/2018\/07\/francia-llegada1.jpg\" alt=\"\" width=\"1800\" height=\"1200\" srcset=\"https:\/\/elinformanteperu.com\/wp-content\/uploads\/2018\/07\/francia-llegada1.jpg 1800w, https:\/\/elinformanteperu.com\/wp-content\/uploads\/2018\/07\/francia-llegada1-300x200.jpg 300w, https:\/\/elinformanteperu.com\/wp-content\/uploads\/2018\/07\/francia-llegada1-768x512.jpg 768w, https:\/\/elinformanteperu.com\/wp-content\/uploads\/2018\/07\/francia-llegada1-1024x683.jpg 1024w, https:\/\/elinformanteperu.com\/wp-content\/uploads\/2018\/07\/francia-llegada1-128x85.jpg 128w, https:\/\/elinformanteperu.com\/wp-content\/uploads\/2018\/07\/francia-llegada1-32x21.jpg 32w\" sizes=\"(max-width: 1800px) 100vw, 1800px\" \/><\/p>\n<p><span style=\"color: #000000;\">Despu\u00e9s del desfile, los Bleus ser\u00e1n recibidos por el presidente Emmanuel Macron en el Palacio del El\u00edseo, donde varios j\u00f3venes estaban invitados a presenciar la recepci\u00f3n oficial, antes de que los jugadores se dirijan al Hotel Crillon, en la plaza de la Concordia, para continuar la fiesta.<\/span><\/p>\n<p><span style=\"color: #000000;\">Macron y su esposa Brigitte, presentes en el palco del estadio Luzhniki en Mosc\u00fa el domingo, ya pudieron felicitar a los jugadores en el vestuario.<\/span><\/p>\n<p><span style=\"color: #000000;\">Desde el mismo El\u00edseo se anunci\u00f3 este lunes que los jugadores ser\u00e1n condecorados con la Legi\u00f3n de Honor por los servicios prestados al pa\u00eds, como ya ocurri\u00f3 con los integrantes de la selecci\u00f3n que gan\u00f3 el Mundial en 1998.<\/span><\/p>\n<p><span style=\"color: #000000;\">Con su t\u00edtulo en Rusia, el equipo, una mezcla de juventud y experiencia en los grandes torneos, demostr\u00f3 que ha superado su derrota en la final de la Eurocopa de 2016 en Par\u00eds.<\/span><\/p>\n<p><span style=\"color: #000000;\">\u00abHemos hecho algo incre\u00edble, entramos en la historia\u00bb, dijo el domingo Antoine Griezmann, autor del segundo gol franc\u00e9s en la final ganada a los croatas.<\/span><\/p>\n<p><span style=\"color: #000000;\">Uno de los jugadores m\u00e1s esperados en Par\u00eds, adem\u00e1s de &#8216;Grizou&#8217;, era sin duda Kylian Mbapp\u00e9, quien a sus 19 a\u00f1os puede presumir ya de ser campe\u00f3n del mundo y que acab\u00f3 Rusia-2018 con cuatro tantos. Se convirti\u00f3 en el segundo goleador m\u00e1s joven en marcar en una final del Mundial despu\u00e9s de Pel\u00e9, que toc\u00f3 el cielo del torneo en 1958.<\/span><\/p>\n<p><span style=\"color: #000000;\">Lejos de Par\u00eds, Zagreb era escenario de otra gran celebraci\u00f3n popular, la de 100.000 croatas seg\u00fan la prensa local, que acudieron al recibimiento de la selecci\u00f3n subcampeona del mundo, que logr\u00f3 la mayor haza\u00f1a del f\u00fatbol de ese pa\u00eds.<\/span><\/p>\n<p><span style=\"color: #000000;\">Pero la fiesta en Par\u00eds era todav\u00eda m\u00e1s plena: era la celebraci\u00f3n de los campeones del mundo.<\/span><\/p>\n<p><img decoding=\"async\" class=\"aligncenter size-full wp-image-30856\" src=\"http:\/\/elinformanteperu.com\/wp-content\/uploads\/2018\/07\/francia-llegada2.jpg\" alt=\"\" width=\"1800\" height=\"1198\" srcset=\"https:\/\/elinformanteperu.com\/wp-content\/uploads\/2018\/07\/francia-llegada2.jpg 1800w, https:\/\/elinformanteperu.com\/wp-content\/uploads\/2018\/07\/francia-llegada2-300x200.jpg 300w, https:\/\/elinformanteperu.com\/wp-content\/uploads\/2018\/07\/francia-llegada2-768x511.jpg 768w, https:\/\/elinformanteperu.com\/wp-content\/uploads\/2018\/07\/francia-llegada2-1024x682.jpg 1024w, https:\/\/elinformanteperu.com\/wp-content\/uploads\/2018\/07\/francia-llegada2-128x85.jpg 128w, https:\/\/elinformanteperu.com\/wp-content\/uploads\/2018\/07\/francia-llegada2-32x21.jpg 32w\" sizes=\"(max-width: 1800px) 100vw, 1800px\" \/><\/p>\n","protected":false},"excerpt":{"rendered":"<p>Los integrantes de la selecci\u00f3n francesa quienes se proclamaron campeones del Mundo, llegaron\u00a0a su pa\u00eds en medio de la total algarab\u00eda de sus simpatizantes. Par\u00eds, 16 de Julio 2018, (ANDINA).- Los integrantes de la selecci\u00f3n francesa de f\u00fatbol, que el domingo se proclamaron campeones del Mundial de Rusia-2018, aterrizaron en el aeropuerto parisino de Roissy [&hellip;]<\/p>\n","protected":false},"author":1,"featured_media":30854,"comment_status":"open","ping_status":"open","sticky":false,"template":"","format":"standard","meta":{"rop_custom_images_group":[],"rop_custom_messages_group":[],"rop_publish_now":"initial","rop_publish_now_accounts":[],"rop_publish_now_history":[],"rop_publish_now_status":"pending","footnotes":""},"categories":[8],"tags":[2521,2330],"class_list":["post-30852","post","type-post","status-publish","format-standard","has-post-thumbnail","hentry","category-disciplinas-deportivas","tag-francia","tag-mundial-rusia-2018"],"_links":{"self":[{"href":"https:\/\/elinformanteperu.com\/index.php\/wp-json\/wp\/v2\/posts\/30852","targetHints":{"allow":["GET"]}}],"collection":[{"href":"https:\/\/elinformanteperu.com\/index.php\/wp-json\/wp\/v2\/posts"}],"about":[{"href":"https:\/\/elinformanteperu.com\/index.php\/wp-json\/wp\/v2\/types\/post"}],"author":[{"embeddable":true,"href":"https:\/\/elinformanteperu.com\/index.php\/wp-json\/wp\/v2\/users\/1"}],"replies":[{"embeddable":true,"href":"https:\/\/elinformanteperu.com\/index.php\/wp-json\/wp\/v2\/comments?post=30852"}],"version-history":[{"count":1,"href":"https:\/\/elinformanteperu.com\/index.php\/wp-json\/wp\/v2\/posts\/30852\/revisions"}],"predecessor-version":[{"id":30857,"href":"https:\/\/elinformanteperu.com\/index.php\/wp-json\/wp\/v2\/posts\/30852\/revisions\/30857"}],"wp:featuredmedia":[{"embeddable":true,"href":"https:\/\/elinformanteperu.com\/index.php\/wp-json\/wp\/v2\/media\/30854"}],"wp:attachment":[{"href":"https:\/\/elinformanteperu.com\/index.php\/wp-json\/wp\/v2\/media?parent=30852"}],"wp:term":[{"taxonomy":"category","embeddable":true,"href":"https:\/\/elinformanteperu.com\/index.php\/wp-json\/wp\/v2\/categories?post=30852"},{"taxonomy":"post_tag","embeddable":true,"href":"https:\/\/elinformanteperu.com\/index.php\/wp-json\/wp\/v2\/tags?post=30852"}],"curies":[{"name":"wp","href":"https:\/\/api.w.org\/{rel}","templated":true}]}}