{"id":30812,"date":"2018-07-15T23:32:27","date_gmt":"2018-07-16T04:32:27","guid":{"rendered":"http:\/\/elinformanteperu.com\/?p=30812"},"modified":"2018-07-15T23:32:27","modified_gmt":"2018-07-16T04:32:27","slug":"defensor-del-pueblo-no-se-que-espera-el-cnm-para-suspender-a-juez-hinostroza","status":"publish","type":"post","link":"https:\/\/elinformanteperu.com\/index.php\/2018\/07\/15\/defensor-del-pueblo-no-se-que-espera-el-cnm-para-suspender-a-juez-hinostroza\/","title":{"rendered":"Defensor del Pueblo: No s\u00e9 qu\u00e9 espera el CNM para suspender a juez Hinostroza"},"content":{"rendered":"<p><strong><span style=\"color: #000000;\">El defensor del Pueblo, Walter Guti\u00e9rrez, se pregunt\u00f3 qu\u00e9 espera el Consejo Nacional de la Magistratura (CNM) para suspender al juez C\u00e9sar Hinostroza.<\/span><\/strong><\/p>\n<p><span style=\"color: #000000;\"><strong>Lima, 15 de Julio 2018, (ANDINA).-<\/strong> El defensor del Pueblo, Walter Guti\u00e9rrez, se pregunt\u00f3 qu\u00e9 espera el Consejo Nacional de la Magistratura (CNM) para suspender al juez C\u00e9sar Hinostroza, quien -seg\u00fan un audio- habr\u00eda pretendido beneficiar al violador de una menor con la absoluci\u00f3n o reducci\u00f3n de la pena.<\/span><\/p>\n<p><span style=\"color: #000000;\">Consider\u00f3 que las instituciones deben reaccionar con inmediatez ante los hechos de presunta corrupci\u00f3n revelados en los \u00faltimos d\u00edas, raz\u00f3n por la cual -record\u00f3- la propia Defensor\u00eda del Pueblo pidi\u00f3 la revisi\u00f3n de los casos que estuvieron a cargo de este magistrado.<\/span><\/p>\n<p><span style=\"color: #000000;\">\u201cYo no s\u00e9 qu\u00e9 est\u00e1 esperando el CNM para que, m\u00ednimamente, suspenda al juez Hinostroza para iniciarle un proceso dentro de sus propias competencias \u00bfQu\u00e9 est\u00e1 esperando? El Poder Judicial ha pedido su renuncia, pero por qu\u00e9 no piden su suspensi\u00f3n y remoci\u00f3n\u201d, cuestion\u00f3.<\/span><\/p>\n<p><span style=\"color: #000000;\">En opini\u00f3n de Guti\u00e9rrez, el sistema de justicia del pa\u00eds es actualmente oscuro, carece de transparencia y no rinde cuentas, por lo que la anunciada declaratoria de emergencia del Poder Judicial -dijo- puede ser una oportunidad para revertir esa situaci\u00f3n.<\/span><\/p>\n<p><span style=\"color: #000000;\">\u201cSi se va a declarar en emergencia, que se haga, pero que se rinda cuentas antes de terminar el a\u00f1o, bajo ciertos indicadores que el pa\u00eds conozca (\u2026). No podemos desaprovechar esta oportunidad para reformar el Poder Judicial y todo el sistema de justicia\u201d, demand\u00f3.<\/span><\/p>\n<p><span style=\"color: #000000;\">El titular de la Defensor\u00eda del Pueblo tambi\u00e9n adelant\u00f3 que este organismo presentar\u00e1 la semana entrante un conjunto de medidas orientadas a la reforma del sistema de justicia, sin que ello signifique \u201cdescubrir la p\u00f3lvora\u201d.<\/span><\/p>\n<p><span style=\"color: #000000;\">Detall\u00f3 que, entre ellas, no solo figura la necesidad de fortalecer el Ministerio de Justicia, el Poder Judicial, la Fiscal\u00eda y los colegios de abogados del pa\u00eds, sino tambi\u00e9n exigir que sea obligatorio presentar y hacer p\u00fablicas las hojas de vida de los jueces y fiscales.<\/span><\/p>\n<p><span style=\"color: #000000;\">Para Guti\u00e9rrez, estas hojas de vida deben contener su formaci\u00f3n acad\u00e9mica y experiencia profesional, adem\u00e1s de la relaci\u00f3n de sus posibles conflictos de intereses y su respectiva l\u00ednea de actuaci\u00f3n jurisprudencial, es decir, c\u00f3mo resolvieron los casos en los que intervinieron.<\/span><\/p>\n<p><span style=\"color: #000000;\">\u201cEsto debe estar en el CNM y ser de acceso para todos. Eso no es nada del otro mundo, es perfectamente posible, es tocar el coraz\u00f3n de sistema. As\u00ed voy a saber qui\u00e9n es ese juez, de d\u00f3nde vino, c\u00f3mo vino, cu\u00e1l es su red de intereses, c\u00f3mo es su actuaci\u00f3n\u201d, subray\u00f3.<\/span><\/p>\n<p><span style=\"color: #000000;\">Asimismo, el defensor puso en relieve el perfil \u201cdestacable\u201d de los integrantes de la recientemente Comisi\u00f3n de Reforma del Sistema de Justicia, presidida por Allan Wagner.<\/span><\/p>\n<p><span style=\"color: #000000;\">Seg\u00fan opin\u00f3, ese espera que este grupo especial d\u00e9 una serie de medidas \u201cinmediatas y de impacto\u201d, cuya aplicaci\u00f3n sea planteada al presidente de la Rep\u00fablica, Mart\u00edn Vizcarra.<\/span><\/p>\n<p><span style=\"color: #000000;\">Para esta reforma, dijo, se requerir\u00e1 el compromiso pol\u00edtico de todas las autoridades, en especial, del Congreso de la Rep\u00fablica.<\/span><\/p>\n","protected":false},"excerpt":{"rendered":"<p>El defensor del Pueblo, Walter Guti\u00e9rrez, se pregunt\u00f3 qu\u00e9 espera el Consejo Nacional de la Magistratura (CNM) para suspender al juez C\u00e9sar Hinostroza. Lima, 15 de Julio 2018, (ANDINA).- El defensor del Pueblo, Walter Guti\u00e9rrez, se pregunt\u00f3 qu\u00e9 espera el Consejo Nacional de la Magistratura (CNM) para suspender al juez C\u00e9sar Hinostroza, quien -seg\u00fan un [&hellip;]<\/p>\n","protected":false},"author":1,"featured_media":30814,"comment_status":"open","ping_status":"open","sticky":false,"template":"","format":"standard","meta":{"rop_custom_images_group":[],"rop_custom_messages_group":[],"rop_publish_now":"initial","rop_publish_now_accounts":[],"rop_publish_now_history":[],"rop_publish_now_status":"pending","footnotes":""},"categories":[5],"tags":[3376,459,428,2428,520],"class_list":["post-30812","post","type-post","status-publish","format-standard","has-post-thumbnail","hentry","category-actualidad-informativa","tag-cesar-hinostroza","tag-cnm","tag-defensoria-del-pueblo","tag-idl-reporteros","tag-walter-gutierrez"],"_links":{"self":[{"href":"https:\/\/elinformanteperu.com\/index.php\/wp-json\/wp\/v2\/posts\/30812","targetHints":{"allow":["GET"]}}],"collection":[{"href":"https:\/\/elinformanteperu.com\/index.php\/wp-json\/wp\/v2\/posts"}],"about":[{"href":"https:\/\/elinformanteperu.com\/index.php\/wp-json\/wp\/v2\/types\/post"}],"author":[{"embeddable":true,"href":"https:\/\/elinformanteperu.com\/index.php\/wp-json\/wp\/v2\/users\/1"}],"replies":[{"embeddable":true,"href":"https:\/\/elinformanteperu.com\/index.php\/wp-json\/wp\/v2\/comments?post=30812"}],"version-history":[{"count":1,"href":"https:\/\/elinformanteperu.com\/index.php\/wp-json\/wp\/v2\/posts\/30812\/revisions"}],"predecessor-version":[{"id":30815,"href":"https:\/\/elinformanteperu.com\/index.php\/wp-json\/wp\/v2\/posts\/30812\/revisions\/30815"}],"wp:featuredmedia":[{"embeddable":true,"href":"https:\/\/elinformanteperu.com\/index.php\/wp-json\/wp\/v2\/media\/30814"}],"wp:attachment":[{"href":"https:\/\/elinformanteperu.com\/index.php\/wp-json\/wp\/v2\/media?parent=30812"}],"wp:term":[{"taxonomy":"category","embeddable":true,"href":"https:\/\/elinformanteperu.com\/index.php\/wp-json\/wp\/v2\/categories?post=30812"},{"taxonomy":"post_tag","embeddable":true,"href":"https:\/\/elinformanteperu.com\/index.php\/wp-json\/wp\/v2\/tags?post=30812"}],"curies":[{"name":"wp","href":"https:\/\/api.w.org\/{rel}","templated":true}]}}