{"id":30809,"date":"2018-07-15T23:27:40","date_gmt":"2018-07-16T04:27:40","guid":{"rendered":"http:\/\/elinformanteperu.com\/?p=30809"},"modified":"2018-07-15T23:27:40","modified_gmt":"2018-07-16T04:27:40","slug":"audios-mostrarian-que-becerril-se-reunio-con-consejero-por-eleccion-del-titular-del-cnm","status":"publish","type":"post","link":"https:\/\/elinformanteperu.com\/index.php\/2018\/07\/15\/audios-mostrarian-que-becerril-se-reunio-con-consejero-por-eleccion-del-titular-del-cnm\/","title":{"rendered":"Audios mostrar\u00edan que Becerril se reuni\u00f3 con consejero por elecci\u00f3n del titular del CNM"},"content":{"rendered":"<p><strong><span style=\"color: #000000;\">Audios de una conversaci\u00f3n entre el consejero Baltazar Morales y el exconsejero Guido Aguila evidenciar\u00edan que el congresista H\u00e9ctor Becerril (FP) se reuni\u00f3 con el primero de los nombrados.<\/span><\/strong><\/p>\n<p><span style=\"color: #000000;\"><strong>Lima, 15 de Julio 2018, (ANDINA).-<\/strong> Audios de una conversaci\u00f3n entre el consejero Baltazar Morales y el exconsejero Guido Aguila evidenciar\u00edan que el congresista H\u00e9ctor Becerril (FP) se reuni\u00f3 con el primero de los nombrados en el marco de la elecci\u00f3n del presidente de este organismo, encuentro que el parlamentario neg\u00f3 en reiteradas oportunidades.<\/span><\/p>\n<p><span style=\"color: #000000;\">Los audios difundidos por Cuarto Poder, corresponden a una conversaci\u00f3n del 12 de febrero de 2017, en la cual Baltarzar Morales le recuerda a Guido Aguila que lo invit\u00f3 a su casa el 1 de enero de ese a\u00f1o para hablar con el parlamentario fujimorista.<\/span><\/p>\n<p><span style=\"color: #000000;\">\u201cBecerril postulaba la candidatura de Guti\u00e9rrez, yo fui sincero y dije que nunca votar\u00eda por \u00e9l, ten\u00eda mis razones\u201d, se escucha.<\/span><\/p>\n<p><span style=\"color: #000000;\">eg\u00fan una denuncia difundida por IDL Reporteros el 20 de diciembre de 2017, la reuni\u00f3n con Becerril se produjo por invitaci\u00f3n del entonces presidente del CNM, Guido Aguila, quien lo invit\u00f3 a conversar a su casa pero no le dijo que en la sala de su casa lo esperar\u00eda el congresista Becerril, quien lo dej\u00f3 a solas.<\/span><\/p>\n<p><span style=\"color: #000000;\">El congresista Becerril, seg\u00fan la denuncia period\u00edstica, le habr\u00eda dicho a Baltazar Morales que iba en representaci\u00f3n de Fuerza Popular y le habr\u00eda pedido que votara por la candidatura del exconsejero Julio Guti\u00e9rrez Pebe para presidir el CNM.<\/span><\/p>\n<p><span style=\"color: #000000;\">Baltazar Morales se neg\u00f3 a acceder al pedido se\u00f1alando que no lo consideraba como un candidato id\u00f3neo.<\/span><\/p>\n<p><span style=\"color: #000000;\">En ese entonces, el congresista H\u00e9ctor Becerril neg\u00f3 la reuni\u00f3n, versi\u00f3n que reiter\u00f3 la semana pasada al indicar que se trata de una \u201cpatra\u00f1a inventada\u201d y que no lo amedrentar\u00e1n por un hecho que no existi\u00f3.<\/span><\/p>\n<p><span style=\"color: #000000;\">La misma versi\u00f3n dijo en su momento Guido Aguila, quien fue reelecto como presidente del CNM en la elecci\u00f3n de 2017.<\/span><\/p>\n<p><span style=\"color: #000000;\">Sin embargo, en el audio de la conversaci\u00f3n difundido esta noche, Morales le reclama a Guido Aguila por haber negado que la reuni\u00f3n se produjo.<\/span><\/p>\n<p><span style=\"color: #000000;\">\u00abUsted sale y dice eso es mentira. Nunca he salido a replicarle, esta es la primera vez que le digo, creo que institucionalmente lo digo ac\u00e1 porque no voy a volver a repetir esto ni utilizarlo para nada. Lo dejo ah\u00ed, mis comentarios ser\u00e1n m\u00e1s institucionales, de la funci\u00f3n\u201d, afirm\u00f3.<\/span><\/p>\n","protected":false},"excerpt":{"rendered":"<p>Audios de una conversaci\u00f3n entre el consejero Baltazar Morales y el exconsejero Guido Aguila evidenciar\u00edan que el congresista H\u00e9ctor Becerril (FP) se reuni\u00f3 con el primero de los nombrados. Lima, 15 de Julio 2018, (ANDINA).- Audios de una conversaci\u00f3n entre el consejero Baltazar Morales y el exconsejero Guido Aguila evidenciar\u00edan que el congresista H\u00e9ctor Becerril [&hellip;]<\/p>\n","protected":false},"author":1,"featured_media":17217,"comment_status":"open","ping_status":"open","sticky":false,"template":"","format":"standard","meta":{"rop_custom_images_group":[],"rop_custom_messages_group":[],"rop_publish_now":"initial","rop_publish_now_accounts":[],"rop_publish_now_history":[],"rop_publish_now_status":"pending","footnotes":""},"categories":[5],"tags":[459,460,856,327,2428],"class_list":["post-30809","post","type-post","status-publish","format-standard","has-post-thumbnail","hentry","category-actualidad-informativa","tag-cnm","tag-consejo-nacional-de-la-magistratura","tag-guido-aguila","tag-hector-becerril","tag-idl-reporteros"],"_links":{"self":[{"href":"https:\/\/elinformanteperu.com\/index.php\/wp-json\/wp\/v2\/posts\/30809","targetHints":{"allow":["GET"]}}],"collection":[{"href":"https:\/\/elinformanteperu.com\/index.php\/wp-json\/wp\/v2\/posts"}],"about":[{"href":"https:\/\/elinformanteperu.com\/index.php\/wp-json\/wp\/v2\/types\/post"}],"author":[{"embeddable":true,"href":"https:\/\/elinformanteperu.com\/index.php\/wp-json\/wp\/v2\/users\/1"}],"replies":[{"embeddable":true,"href":"https:\/\/elinformanteperu.com\/index.php\/wp-json\/wp\/v2\/comments?post=30809"}],"version-history":[{"count":1,"href":"https:\/\/elinformanteperu.com\/index.php\/wp-json\/wp\/v2\/posts\/30809\/revisions"}],"predecessor-version":[{"id":30811,"href":"https:\/\/elinformanteperu.com\/index.php\/wp-json\/wp\/v2\/posts\/30809\/revisions\/30811"}],"wp:featuredmedia":[{"embeddable":true,"href":"https:\/\/elinformanteperu.com\/index.php\/wp-json\/wp\/v2\/media\/17217"}],"wp:attachment":[{"href":"https:\/\/elinformanteperu.com\/index.php\/wp-json\/wp\/v2\/media?parent=30809"}],"wp:term":[{"taxonomy":"category","embeddable":true,"href":"https:\/\/elinformanteperu.com\/index.php\/wp-json\/wp\/v2\/categories?post=30809"},{"taxonomy":"post_tag","embeddable":true,"href":"https:\/\/elinformanteperu.com\/index.php\/wp-json\/wp\/v2\/tags?post=30809"}],"curies":[{"name":"wp","href":"https:\/\/api.w.org\/{rel}","templated":true}]}}