{"id":30460,"date":"2018-07-09T23:48:39","date_gmt":"2018-07-10T04:48:39","guid":{"rendered":"http:\/\/elinformanteperu.com\/?p=30460"},"modified":"2018-07-09T23:48:39","modified_gmt":"2018-07-10T04:48:39","slug":"vizcarra-no-permitiremos-uso-de-figura-presidencial-para-algun-tramite-ilegal","status":"publish","type":"post","link":"https:\/\/elinformanteperu.com\/index.php\/2018\/07\/09\/vizcarra-no-permitiremos-uso-de-figura-presidencial-para-algun-tramite-ilegal\/","title":{"rendered":"Vizcarra: no permitiremos uso de figura presidencial para alg\u00fan tr\u00e1mite ilegal"},"content":{"rendered":"<p><strong><span style=\"color: #000000;\">El presidente, Mart\u00edn Vizcarra, asegur\u00f3 que no permitir\u00e1 el uso de la figura presidencial para alg\u00fan tipo de tr\u00e1mite ilegal, y rechaz\u00f3 que magistrados empleen su nombre.<\/span><\/strong><\/p>\n<p><span style=\"color: #000000;\"><strong>Lima, 09 de Julio 2018, (ANDINA).-<\/strong> El jefe del Estado, Mart\u00edn Vizcarra, asegur\u00f3 que no permitir\u00e1 el uso de la figura presidencial para alg\u00fan tipo de tr\u00e1mite ilegal, y rechaz\u00f3 que magistrados empleen su nombre con el fin de ofrecer favores, tal como puede escucharse en un audio divulgado en la v\u00edspera.<\/span><\/p>\n<p><span style=\"color: #000000;\">Enfatiz\u00f3 que la reuni\u00f3n con magistrados del Poder Judicial a la que se hace referencia en un audio, nunca tuvo lugar.<\/span><\/p>\n<p><span style=\"color: #000000;\">\u201cNo hemos tenido esa reuni\u00f3n y no vamos permitir que se use la figura presidencial para ning\u00fan tr\u00e1mite que sea ilegal, lo descartamos y rechazamos en\u00e9rgicamente\u201d, indic\u00f3 en conferencia de prensa.<\/span><\/p>\n<p><span style=\"color: #000000;\">Record\u00f3 que en d\u00edas pasados alert\u00f3 que en algunas regiones del pa\u00eds se acercaban personas ante funcionarios p\u00fablicos de municipios y gobiernos regionales, supuestamente en su nombre, lo cual descart\u00f3 y pidi\u00f3 denunciar este tipo de actos.<\/span><\/p>\n<p><span style=\"color: #000000;\">\u201cNosotros actuamos con absoluta transparencia y respetando la institucionalidad, no vamos a enviar a nadie que no sea parte del Estado para que en representaci\u00f3n del Ejecutivo haga alg\u00fan tipo de coordinaciones\u201d, refiri\u00f3.<\/span><\/p>\n<p><span style=\"color: #000000;\">En ese sentido, rechaz\u00f3 que terceros tomen el nombre del presidente de la Rep\u00fablica \u201cde manera inconsulta\u201d.<\/span><\/p>\n","protected":false},"excerpt":{"rendered":"<p>El presidente, Mart\u00edn Vizcarra, asegur\u00f3 que no permitir\u00e1 el uso de la figura presidencial para alg\u00fan tipo de tr\u00e1mite ilegal, y rechaz\u00f3 que magistrados empleen su nombre. Lima, 09 de Julio 2018, (ANDINA).- El jefe del Estado, Mart\u00edn Vizcarra, asegur\u00f3 que no permitir\u00e1 el uso de la figura presidencial para alg\u00fan tipo de tr\u00e1mite ilegal, [&hellip;]<\/p>\n","protected":false},"author":1,"featured_media":30462,"comment_status":"open","ping_status":"open","sticky":false,"template":"","format":"standard","meta":{"rop_custom_images_group":[],"rop_custom_messages_group":[],"rop_publish_now":"initial","rop_publish_now_accounts":[],"rop_publish_now_history":[],"rop_publish_now_status":"pending","footnotes":""},"categories":[5],"tags":[459,460,289,163,487],"class_list":["post-30460","post","type-post","status-publish","format-standard","has-post-thumbnail","hentry","category-actualidad-informativa","tag-cnm","tag-consejo-nacional-de-la-magistratura","tag-martin-vizcarra","tag-poder-judicial","tag-poder-judicial-callao"],"_links":{"self":[{"href":"https:\/\/elinformanteperu.com\/index.php\/wp-json\/wp\/v2\/posts\/30460","targetHints":{"allow":["GET"]}}],"collection":[{"href":"https:\/\/elinformanteperu.com\/index.php\/wp-json\/wp\/v2\/posts"}],"about":[{"href":"https:\/\/elinformanteperu.com\/index.php\/wp-json\/wp\/v2\/types\/post"}],"author":[{"embeddable":true,"href":"https:\/\/elinformanteperu.com\/index.php\/wp-json\/wp\/v2\/users\/1"}],"replies":[{"embeddable":true,"href":"https:\/\/elinformanteperu.com\/index.php\/wp-json\/wp\/v2\/comments?post=30460"}],"version-history":[{"count":1,"href":"https:\/\/elinformanteperu.com\/index.php\/wp-json\/wp\/v2\/posts\/30460\/revisions"}],"predecessor-version":[{"id":30463,"href":"https:\/\/elinformanteperu.com\/index.php\/wp-json\/wp\/v2\/posts\/30460\/revisions\/30463"}],"wp:featuredmedia":[{"embeddable":true,"href":"https:\/\/elinformanteperu.com\/index.php\/wp-json\/wp\/v2\/media\/30462"}],"wp:attachment":[{"href":"https:\/\/elinformanteperu.com\/index.php\/wp-json\/wp\/v2\/media?parent=30460"}],"wp:term":[{"taxonomy":"category","embeddable":true,"href":"https:\/\/elinformanteperu.com\/index.php\/wp-json\/wp\/v2\/categories?post=30460"},{"taxonomy":"post_tag","embeddable":true,"href":"https:\/\/elinformanteperu.com\/index.php\/wp-json\/wp\/v2\/tags?post=30460"}],"curies":[{"name":"wp","href":"https:\/\/api.w.org\/{rel}","templated":true}]}}