{"id":30447,"date":"2018-07-09T23:24:50","date_gmt":"2018-07-10T04:24:50","guid":{"rendered":"http:\/\/elinformanteperu.com\/?p=30447"},"modified":"2018-07-09T23:24:50","modified_gmt":"2018-07-10T04:24:50","slug":"exhibiran-acta-original-de-la-independencia-del-peru","status":"publish","type":"post","link":"https:\/\/elinformanteperu.com\/index.php\/2018\/07\/09\/exhibiran-acta-original-de-la-independencia-del-peru\/","title":{"rendered":"Exhibir\u00e1n acta original de la independencia del Per\u00fa"},"content":{"rendered":"<p><strong><span style=\"color: #000000;\">La Municipalidad de Lima exhibir\u00e1 el acta original firmada el 15 de julio de 1821, en la que se declara la emancipaci\u00f3n de nuestro pa\u00eds de la Corona Espa\u00f1ola.<\/span><\/strong><\/p>\n<p><span style=\"color: #000000;\"><strong>Lima, 09 de Julio 2018, (ANDINA).-<\/strong> La Municipalidad de Lima exhibir\u00e1 el acta original firmada el 15 de julio de 1821, en la que se declara la emancipaci\u00f3n de nuestro pa\u00eds de la Corona Espa\u00f1ola, en el marco de celebraciones por el 197\u00b0 Aniversario de la Declaraci\u00f3n de la Independencia del Per\u00fa.<\/span><\/p>\n<p><span style=\"color: #000000;\">El documento hist\u00f3rico, que se encuentra custodiado por la Biblioteca y Archivo Hist\u00f3rico de la comuna lime\u00f1a, podr\u00e1 ser apreciado por el p\u00fablico los d\u00edas 11, 12 y 13 de julio, en el segundo piso del jir\u00f3n Conde de Superunda 141. El horario de atenci\u00f3n es desde las 09.00 y hasta las 16.00 horas. El ingreso es gratuito.<\/span><\/p>\n<p><span style=\"color: #000000;\">El encargado de redactar este hist\u00f3rico texto fue Manuel P\u00e9rez de Tudela y V\u00edlchez, abogado, magistrado y pol\u00edtico peruano nacido en Arica, ferviente luchador en sus actividades en pro de la emancipaci\u00f3n.<\/span><\/p>\n<p><span style=\"color: #000000;\">El documento, que cont\u00f3 con el apoyo del pueblo de Lima y autoridades de la zona, fue firmado por la mayor\u00eda de los miembros del Cabildo, el clero secular lime\u00f1o y miembros destacados de la sociedad de la \u00e9poca que en total sumaron m\u00e1s de 3,500 personas.<\/span><\/p>\n<p><span style=\"color: #000000;\">El acta se encuentra en una b\u00f3veda del Archivo Hist\u00f3rico que la mantiene a una temperatura adecuada para protegerla de microorganismos, esto luego de un proceso de restauraci\u00f3n hecho en El Vaticano, en la d\u00e9cada de los ochenta.<\/span><\/p>\n<p><span style=\"color: #000000;\">Los visitantes que lleguen a la biblioteca municipal para apreciar el Acta de la Independencia recibir\u00e1n como obsequio un facs\u00edmil del documento hist\u00f3rico.<\/span><\/p>\n","protected":false},"excerpt":{"rendered":"<p>La Municipalidad de Lima exhibir\u00e1 el acta original firmada el 15 de julio de 1821, en la que se declara la emancipaci\u00f3n de nuestro pa\u00eds de la Corona Espa\u00f1ola. Lima, 09 de Julio 2018, (ANDINA).- La Municipalidad de Lima exhibir\u00e1 el acta original firmada el 15 de julio de 1821, en la que se declara [&hellip;]<\/p>\n","protected":false},"author":1,"featured_media":30449,"comment_status":"open","ping_status":"open","sticky":false,"template":"","format":"standard","meta":{"rop_custom_images_group":[],"rop_custom_messages_group":[],"rop_publish_now":"initial","rop_publish_now_accounts":[],"rop_publish_now_history":[],"rop_publish_now_status":"pending","footnotes":""},"categories":[10],"tags":[1315,1920,122],"class_list":["post-30447","post","type-post","status-publish","format-standard","has-post-thumbnail","hentry","category-actualidad-municipal","tag-biblioteca-nacional-del-peru","tag-fiestas-patrias","tag-municipalidad-de-lima"],"_links":{"self":[{"href":"https:\/\/elinformanteperu.com\/index.php\/wp-json\/wp\/v2\/posts\/30447","targetHints":{"allow":["GET"]}}],"collection":[{"href":"https:\/\/elinformanteperu.com\/index.php\/wp-json\/wp\/v2\/posts"}],"about":[{"href":"https:\/\/elinformanteperu.com\/index.php\/wp-json\/wp\/v2\/types\/post"}],"author":[{"embeddable":true,"href":"https:\/\/elinformanteperu.com\/index.php\/wp-json\/wp\/v2\/users\/1"}],"replies":[{"embeddable":true,"href":"https:\/\/elinformanteperu.com\/index.php\/wp-json\/wp\/v2\/comments?post=30447"}],"version-history":[{"count":1,"href":"https:\/\/elinformanteperu.com\/index.php\/wp-json\/wp\/v2\/posts\/30447\/revisions"}],"predecessor-version":[{"id":30450,"href":"https:\/\/elinformanteperu.com\/index.php\/wp-json\/wp\/v2\/posts\/30447\/revisions\/30450"}],"wp:featuredmedia":[{"embeddable":true,"href":"https:\/\/elinformanteperu.com\/index.php\/wp-json\/wp\/v2\/media\/30449"}],"wp:attachment":[{"href":"https:\/\/elinformanteperu.com\/index.php\/wp-json\/wp\/v2\/media?parent=30447"}],"wp:term":[{"taxonomy":"category","embeddable":true,"href":"https:\/\/elinformanteperu.com\/index.php\/wp-json\/wp\/v2\/categories?post=30447"},{"taxonomy":"post_tag","embeddable":true,"href":"https:\/\/elinformanteperu.com\/index.php\/wp-json\/wp\/v2\/tags?post=30447"}],"curies":[{"name":"wp","href":"https:\/\/api.w.org\/{rel}","templated":true}]}}