{"id":30319,"date":"2018-07-08T22:25:48","date_gmt":"2018-07-09T03:25:48","guid":{"rendered":"http:\/\/elinformanteperu.com\/?p=30319"},"modified":"2018-07-08T22:25:48","modified_gmt":"2018-07-09T03:25:48","slug":"fallecio-juana-mendoza-la-mujer-que-fue-quemada-en-cajamarca","status":"publish","type":"post","link":"https:\/\/elinformanteperu.com\/index.php\/2018\/07\/08\/fallecio-juana-mendoza-la-mujer-que-fue-quemada-en-cajamarca\/","title":{"rendered":"Falleci\u00f3 Juana Mendoza, la mujer que fue quemada en Cajamarca"},"content":{"rendered":"<p><strong><span style=\"color: #000000;\">La ciudadana peruana Juana Mendoza, quien fue quemada por un sujeto en Cajamarca en un acto de violencia de g\u00e9nero, falleci\u00f3 esta madrugada.<\/span><\/strong><\/p>\n<p><span style=\"color: #000000;\"><strong>Lima, 08 de Julio 2018, (ANDINA).-<\/strong> La ciudadana peruana Juana Mendoza, quien fue quemada por un sujeto en Cajamarca en un acto de violencia de g\u00e9nero, falleci\u00f3 esta madrugada producto de las graves heridas causadas por el fuego.<\/span><\/p>\n<p><span style=\"color: #000000;\">El deceso se produjo pasadas las 00.00 horas luego de sufrir un paro cardio respiratorio que no pudo ser revertido a pesar de las maniobras aplicadas por los m\u00e9dicos, inform\u00f3 Luis Bromley, gerente de la Red Asistencial del hospital Guillermo Almenara, donde la v\u00edctima estaba internada.<\/span><\/p>\n<p><span style=\"color: #000000;\">\u201cNo pudimos hacer nada\u201d, lament\u00f3.<\/span><\/p>\n<p><span style=\"color: #000000;\">Mendoza fue v\u00edctima de un acto b\u00e1rbaro. Esneider Estela Terrones, expareja de su hermana, le roci\u00f3 gasolina y le prendi\u00f3 fuego en Cajamarca el pasado 29 de junio.<\/span><\/p>\n<p><span style=\"color: #000000;\">[Tambi\u00e9n lea: MIMP: no descansaremos hasta conseguir cadena perpetua para agresor de Juanita]<\/span><\/p>\n<p><span style=\"color: #000000;\">El m\u00f3vil fue la venganza. Con el acto irracional, Estela pretend\u00eda \u201ccastigar\u201d a su expareja y hermana de Mendoza, por negarse a retomar la relaci\u00f3n sentimental.<\/span><\/p>\n<p><span style=\"color: #000000;\">Bromley precis\u00f3 que la v\u00edctima hab\u00eda sido sometida a tres operaciones para aliviar su estado.<\/span><\/p>\n<p><span style=\"color: #000000;\">Seg\u00fan explic\u00f3, su caso era muy complicado dado que presentaba graves quemaduras en m\u00e1s del 80 % de su cuerpo, adem\u00e1s de severos da\u00f1os en los sistemas respiratorio y digestivo.<\/span><\/p>\n<p><span style=\"color: #000000;\">\u201cEn esas condiciones hemos trabajado los equipos de m\u00e9dicos, t\u00e9cnicos, enfermeras haciendo todo lo posible hasta el desenlace fatal\u201d, indic\u00f3.<\/span><\/p>\n","protected":false},"excerpt":{"rendered":"<p>La ciudadana peruana Juana Mendoza, quien fue quemada por un sujeto en Cajamarca en un acto de violencia de g\u00e9nero, falleci\u00f3 esta madrugada. Lima, 08 de Julio 2018, (ANDINA).- La ciudadana peruana Juana Mendoza, quien fue quemada por un sujeto en Cajamarca en un acto de violencia de g\u00e9nero, falleci\u00f3 esta madrugada producto de las [&hellip;]<\/p>\n","protected":false},"author":1,"featured_media":30321,"comment_status":"open","ping_status":"open","sticky":false,"template":"","format":"standard","meta":{"rop_custom_images_group":[],"rop_custom_messages_group":[],"rop_publish_now":"initial","rop_publish_now_accounts":[],"rop_publish_now_history":[],"rop_publish_now_status":"pending","footnotes":""},"categories":[10],"tags":[310,3332,757],"class_list":["post-30319","post","type-post","status-publish","format-standard","has-post-thumbnail","hentry","category-actualidad-municipal","tag-feminicidios","tag-juana-mendoza-alva","tag-mimp"],"_links":{"self":[{"href":"https:\/\/elinformanteperu.com\/index.php\/wp-json\/wp\/v2\/posts\/30319","targetHints":{"allow":["GET"]}}],"collection":[{"href":"https:\/\/elinformanteperu.com\/index.php\/wp-json\/wp\/v2\/posts"}],"about":[{"href":"https:\/\/elinformanteperu.com\/index.php\/wp-json\/wp\/v2\/types\/post"}],"author":[{"embeddable":true,"href":"https:\/\/elinformanteperu.com\/index.php\/wp-json\/wp\/v2\/users\/1"}],"replies":[{"embeddable":true,"href":"https:\/\/elinformanteperu.com\/index.php\/wp-json\/wp\/v2\/comments?post=30319"}],"version-history":[{"count":1,"href":"https:\/\/elinformanteperu.com\/index.php\/wp-json\/wp\/v2\/posts\/30319\/revisions"}],"predecessor-version":[{"id":30322,"href":"https:\/\/elinformanteperu.com\/index.php\/wp-json\/wp\/v2\/posts\/30319\/revisions\/30322"}],"wp:featuredmedia":[{"embeddable":true,"href":"https:\/\/elinformanteperu.com\/index.php\/wp-json\/wp\/v2\/media\/30321"}],"wp:attachment":[{"href":"https:\/\/elinformanteperu.com\/index.php\/wp-json\/wp\/v2\/media?parent=30319"}],"wp:term":[{"taxonomy":"category","embeddable":true,"href":"https:\/\/elinformanteperu.com\/index.php\/wp-json\/wp\/v2\/categories?post=30319"},{"taxonomy":"post_tag","embeddable":true,"href":"https:\/\/elinformanteperu.com\/index.php\/wp-json\/wp\/v2\/tags?post=30319"}],"curies":[{"name":"wp","href":"https:\/\/api.w.org\/{rel}","templated":true}]}}