{"id":30314,"date":"2018-07-08T21:50:42","date_gmt":"2018-07-09T02:50:42","guid":{"rendered":"http:\/\/elinformanteperu.com\/?p=30314"},"modified":"2018-07-08T21:50:42","modified_gmt":"2018-07-09T02:50:42","slug":"conozca-al-jugador-peruano-que-es-prioridad-para-el-independiente-de-argentina","status":"publish","type":"post","link":"https:\/\/elinformanteperu.com\/index.php\/2018\/07\/08\/conozca-al-jugador-peruano-que-es-prioridad-para-el-independiente-de-argentina\/","title":{"rendered":"Conozca al jugador peruano que es prioridad para el Independiente de Argentina"},"content":{"rendered":"<p><strong><span style=\"color: #000000;\">El nombre de Christian Cueva es una las prioridades que maneja el club Independiente de Avellaneda para reforzar su plantilla, inform\u00f3 el entrenador\u00a0 Ariel Holan.<\/span><\/strong><\/p>\n<p><span style=\"color: #000000;\"><strong>Lima, 08 de Julio 2018, (ANDINA).-<\/strong> El nombre de Christian Cueva es una las prioridades que maneja el club Independiente de Avellaneda para reforzar su plantilla, inform\u00f3 el entrenador de la escuadra argentina, Ariel Holan.<\/span><\/p>\n<p><span style=\"color: #000000;\">\u201cChristian Cueva es un futbolista que vengo siguiendo desde hace mucho tiempo; me gustar\u00eda que venga a jugar a Independiente\u201d, manifest\u00f3 Holan.<\/span><\/p>\n<p><span style=\"color: #000000;\">Asimismo, el entrenador de los &#8216;Diablos Rojos&#8217; revel\u00f3 que las conversaciones est\u00e1n avanzadas. \u00abLas negociaciones est\u00e1n iniciadas y esperamos que lleguena a buen puerto. Puedo decir que es mi prioridad para reforzar a Independiente\u00bb, agreg\u00f3 a RPP<\/span><\/p>\n<p><span style=\"color: #000000;\">Sin embargo, el estratega espera que Sao Paulo acepte la oferta de Independiente.<\/span><\/p>\n<p><span style=\"color: #000000;\">\u00ab\u00c9l esta en un gran club, ya es un an\u00e1lisis que \u00e9l har\u00e1. Veremos c\u00f3mo se desarrolla los acontecimientos desde el punto de vista econ\u00f3mico. Independiente a nivel continental es uno de los equipos m\u00e1s grandes y est\u00e1 en una recuperaci\u00f3n institucional y futbol\u00edstica importante\u00bb, sentenci\u00f3.<\/span><\/p>\n<p><span style=\"color: #000000;\">Vale precisar que Holan admiti\u00f3 haber llamado personalmente a Cueva para expresarle su deseo de contar con \u00e9l en el campe\u00f3n de la Copa Sudamericana 2017.<\/span><\/p>\n<p><img fetchpriority=\"high\" decoding=\"async\" class=\"aligncenter size-full wp-image-20895\" src=\"http:\/\/elinformanteperu.com\/wp-content\/uploads\/2018\/01\/cueva-celebracion-gol.jpg\" alt=\"\" width=\"1800\" height=\"1196\" srcset=\"https:\/\/elinformanteperu.com\/wp-content\/uploads\/2018\/01\/cueva-celebracion-gol.jpg 1800w, https:\/\/elinformanteperu.com\/wp-content\/uploads\/2018\/01\/cueva-celebracion-gol-300x199.jpg 300w, https:\/\/elinformanteperu.com\/wp-content\/uploads\/2018\/01\/cueva-celebracion-gol-768x510.jpg 768w, https:\/\/elinformanteperu.com\/wp-content\/uploads\/2018\/01\/cueva-celebracion-gol-1024x680.jpg 1024w, https:\/\/elinformanteperu.com\/wp-content\/uploads\/2018\/01\/cueva-celebracion-gol-128x85.jpg 128w, https:\/\/elinformanteperu.com\/wp-content\/uploads\/2018\/01\/cueva-celebracion-gol-32x21.jpg 32w\" sizes=\"(max-width: 1800px) 100vw, 1800px\" \/><\/p>\n","protected":false},"excerpt":{"rendered":"<p>El nombre de Christian Cueva es una las prioridades que maneja el club Independiente de Avellaneda para reforzar su plantilla, inform\u00f3 el entrenador\u00a0 Ariel Holan. Lima, 08 de Julio 2018, (ANDINA).- El nombre de Christian Cueva es una las prioridades que maneja el club Independiente de Avellaneda para reforzar su plantilla, inform\u00f3 el entrenador de [&hellip;]<\/p>\n","protected":false},"author":1,"featured_media":30316,"comment_status":"open","ping_status":"open","sticky":false,"template":"","format":"standard","meta":{"rop_custom_images_group":[],"rop_custom_messages_group":[],"rop_publish_now":"initial","rop_publish_now_accounts":[],"rop_publish_now_history":[],"rop_publish_now_status":"pending","footnotes":""},"categories":[8],"tags":[3368,89,1000,137],"class_list":["post-30314","post","type-post","status-publish","format-standard","has-post-thumbnail","hentry","category-disciplinas-deportivas","tag-ariel-holan","tag-christian-cueva","tag-independiente-de-avellaneda","tag-seleccion-peruana"],"_links":{"self":[{"href":"https:\/\/elinformanteperu.com\/index.php\/wp-json\/wp\/v2\/posts\/30314","targetHints":{"allow":["GET"]}}],"collection":[{"href":"https:\/\/elinformanteperu.com\/index.php\/wp-json\/wp\/v2\/posts"}],"about":[{"href":"https:\/\/elinformanteperu.com\/index.php\/wp-json\/wp\/v2\/types\/post"}],"author":[{"embeddable":true,"href":"https:\/\/elinformanteperu.com\/index.php\/wp-json\/wp\/v2\/users\/1"}],"replies":[{"embeddable":true,"href":"https:\/\/elinformanteperu.com\/index.php\/wp-json\/wp\/v2\/comments?post=30314"}],"version-history":[{"count":2,"href":"https:\/\/elinformanteperu.com\/index.php\/wp-json\/wp\/v2\/posts\/30314\/revisions"}],"predecessor-version":[{"id":30318,"href":"https:\/\/elinformanteperu.com\/index.php\/wp-json\/wp\/v2\/posts\/30314\/revisions\/30318"}],"wp:featuredmedia":[{"embeddable":true,"href":"https:\/\/elinformanteperu.com\/index.php\/wp-json\/wp\/v2\/media\/30316"}],"wp:attachment":[{"href":"https:\/\/elinformanteperu.com\/index.php\/wp-json\/wp\/v2\/media?parent=30314"}],"wp:term":[{"taxonomy":"category","embeddable":true,"href":"https:\/\/elinformanteperu.com\/index.php\/wp-json\/wp\/v2\/categories?post=30314"},{"taxonomy":"post_tag","embeddable":true,"href":"https:\/\/elinformanteperu.com\/index.php\/wp-json\/wp\/v2\/tags?post=30314"}],"curies":[{"name":"wp","href":"https:\/\/api.w.org\/{rel}","templated":true}]}}