{"id":30310,"date":"2018-07-08T21:47:25","date_gmt":"2018-07-09T02:47:25","guid":{"rendered":"http:\/\/elinformanteperu.com\/?p=30310"},"modified":"2018-07-08T21:47:25","modified_gmt":"2018-07-09T02:47:25","slug":"seleccion-peruana-que-jugador-sigue-siendo-el-mas-veloz-del-mundial-rusia-2018","status":"publish","type":"post","link":"https:\/\/elinformanteperu.com\/index.php\/2018\/07\/08\/seleccion-peruana-que-jugador-sigue-siendo-el-mas-veloz-del-mundial-rusia-2018\/","title":{"rendered":"Selecci\u00f3n peruana: \u00bfqu\u00e9 jugador sigue siendo el m\u00e1s veloz del Mundial Rusia 2018?"},"content":{"rendered":"<p><strong><span style=\"color: #000000;\">Aunque el defensa de la selecci\u00f3n peruana Luis Adv\u00edncula ya no participa en el Mundial de Rusia 2018, se mantiene entre los m\u00e1s r\u00e1pidos del certamen.<\/span><\/strong><\/p>\n<p><span style=\"color: #000000;\"><strong>Mosc\u00fa, 08 de Julio 2018, (ANDINA).-<\/strong> Aunque el defensa de la selecci\u00f3n peruana Luis Adv\u00edncula ya no participa en el Mundial de Rusia 2018, se mantiene entre los m\u00e1s r\u00e1pidos del certamen, que entra en semifinales.<\/span><\/p>\n<p><span style=\"color: #000000;\">Con una velocidad de 33.8 kil\u00f3metros por hora se ubica en el tercer puesto entre los m\u00e1s r\u00e1pidos. Solo lo superan el croata Ante Rebic y el portugu\u00e9s Cristiano Ronaldo, ambos con 34 kil\u00f3metros por hora.<\/span><\/p>\n<p><span style=\"color: #000000;\">Adv\u00edncula desconoce cu\u00e1l ser\u00e1 su futuro, ya que Tigres de M\u00e9xico espera una oferta que seduzca al club para transferirlo en la pr\u00f3xima temporada.<\/span><\/p>\n<p><span style=\"color: #000000;\">La selecci\u00f3n peruana qued\u00f3 ubicada en el puesto 20, de 32 selecciones, en el Mundial Rusia 2018. Supera a Alemania, que acab\u00f3 en la casilla n\u00famero 22, as\u00ed como a Egipto y Polonia.<\/span><\/p>\n<p><img fetchpriority=\"high\" decoding=\"async\" class=\"aligncenter size-full wp-image-28965\" src=\"http:\/\/elinformanteperu.com\/wp-content\/uploads\/2018\/06\/peru-francia-gol.jpg\" alt=\"\" width=\"1800\" height=\"1200\" srcset=\"https:\/\/elinformanteperu.com\/wp-content\/uploads\/2018\/06\/peru-francia-gol.jpg 1800w, https:\/\/elinformanteperu.com\/wp-content\/uploads\/2018\/06\/peru-francia-gol-300x200.jpg 300w, https:\/\/elinformanteperu.com\/wp-content\/uploads\/2018\/06\/peru-francia-gol-768x512.jpg 768w, https:\/\/elinformanteperu.com\/wp-content\/uploads\/2018\/06\/peru-francia-gol-1024x683.jpg 1024w, https:\/\/elinformanteperu.com\/wp-content\/uploads\/2018\/06\/peru-francia-gol-128x85.jpg 128w, https:\/\/elinformanteperu.com\/wp-content\/uploads\/2018\/06\/peru-francia-gol-32x21.jpg 32w\" sizes=\"(max-width: 1800px) 100vw, 1800px\" \/><\/p>\n","protected":false},"excerpt":{"rendered":"<p>Aunque el defensa de la selecci\u00f3n peruana Luis Adv\u00edncula ya no participa en el Mundial de Rusia 2018, se mantiene entre los m\u00e1s r\u00e1pidos del certamen. Mosc\u00fa, 08 de Julio 2018, (ANDINA).- Aunque el defensa de la selecci\u00f3n peruana Luis Adv\u00edncula ya no participa en el Mundial de Rusia 2018, se mantiene entre los m\u00e1s [&hellip;]<\/p>\n","protected":false},"author":1,"featured_media":30312,"comment_status":"open","ping_status":"open","sticky":false,"template":"","format":"standard","meta":{"rop_custom_images_group":[],"rop_custom_messages_group":[],"rop_publish_now":"initial","rop_publish_now_accounts":[],"rop_publish_now_history":[],"rop_publish_now_status":"pending","footnotes":""},"categories":[8],"tags":[950,2330,137],"class_list":["post-30310","post","type-post","status-publish","format-standard","has-post-thumbnail","hentry","category-disciplinas-deportivas","tag-luis-advincula","tag-mundial-rusia-2018","tag-seleccion-peruana"],"_links":{"self":[{"href":"https:\/\/elinformanteperu.com\/index.php\/wp-json\/wp\/v2\/posts\/30310","targetHints":{"allow":["GET"]}}],"collection":[{"href":"https:\/\/elinformanteperu.com\/index.php\/wp-json\/wp\/v2\/posts"}],"about":[{"href":"https:\/\/elinformanteperu.com\/index.php\/wp-json\/wp\/v2\/types\/post"}],"author":[{"embeddable":true,"href":"https:\/\/elinformanteperu.com\/index.php\/wp-json\/wp\/v2\/users\/1"}],"replies":[{"embeddable":true,"href":"https:\/\/elinformanteperu.com\/index.php\/wp-json\/wp\/v2\/comments?post=30310"}],"version-history":[{"count":1,"href":"https:\/\/elinformanteperu.com\/index.php\/wp-json\/wp\/v2\/posts\/30310\/revisions"}],"predecessor-version":[{"id":30313,"href":"https:\/\/elinformanteperu.com\/index.php\/wp-json\/wp\/v2\/posts\/30310\/revisions\/30313"}],"wp:featuredmedia":[{"embeddable":true,"href":"https:\/\/elinformanteperu.com\/index.php\/wp-json\/wp\/v2\/media\/30312"}],"wp:attachment":[{"href":"https:\/\/elinformanteperu.com\/index.php\/wp-json\/wp\/v2\/media?parent=30310"}],"wp:term":[{"taxonomy":"category","embeddable":true,"href":"https:\/\/elinformanteperu.com\/index.php\/wp-json\/wp\/v2\/categories?post=30310"},{"taxonomy":"post_tag","embeddable":true,"href":"https:\/\/elinformanteperu.com\/index.php\/wp-json\/wp\/v2\/tags?post=30310"}],"curies":[{"name":"wp","href":"https:\/\/api.w.org\/{rel}","templated":true}]}}