{"id":30304,"date":"2018-07-08T21:41:17","date_gmt":"2018-07-09T02:41:17","guid":{"rendered":"http:\/\/elinformanteperu.com\/?p=30304"},"modified":"2018-07-08T21:41:17","modified_gmt":"2018-07-09T02:41:17","slug":"regresa-soy-luna-con-episodios-de-estreno","status":"publish","type":"post","link":"https:\/\/elinformanteperu.com\/index.php\/2018\/07\/08\/regresa-soy-luna-con-episodios-de-estreno\/","title":{"rendered":"Regresa &#8216;Soy Luna&#8217; con episodios de estreno"},"content":{"rendered":"<p><strong><span style=\"color: #000000;\">&#8216;Soy Luna&#8217;, la serie \u00e9xito de Disney Channel vuelve al canal el lunes 9 de julio a las 7:00 pm para cautivar a la audiencia con los nuevos episodios de la temporada.<\/span><\/strong><\/p>\n<p><span style=\"color: #000000;\"><strong>Lima, 08 de Julio 2018, (El Informante Per\u00fa).-<\/strong> &#8216;Soy Luna&#8217;, la serie \u00e9xito de Disney Channel vuelve al canal el lunes 9 de julio a las 7:00 pm para cautivar a la audiencia con los nuevos episodios de la temporada.<\/span><\/p>\n<p><span style=\"color: #000000;\">Contin\u00faa la rivalidad entre el Jam and Roller y Los Red Sharks. Los chicos del Roller siguen m\u00e1s unidos que nunca luego de su gran actuaci\u00f3n pero Gary Lopez no dar\u00e1 el brazo a torcer. \u00c1mbar y sus secuaces est\u00e1n dispuestos a todo con tal de destruir a Luna y sus amigos.<\/span><\/p>\n<p><img fetchpriority=\"high\" decoding=\"async\" class=\"aligncenter size-full wp-image-30307\" src=\"http:\/\/elinformanteperu.com\/wp-content\/uploads\/2018\/07\/soy-luna7.jpg\" alt=\"\" width=\"800\" height=\"450\" srcset=\"https:\/\/elinformanteperu.com\/wp-content\/uploads\/2018\/07\/soy-luna7.jpg 800w, https:\/\/elinformanteperu.com\/wp-content\/uploads\/2018\/07\/soy-luna7-300x169.jpg 300w, https:\/\/elinformanteperu.com\/wp-content\/uploads\/2018\/07\/soy-luna7-768x432.jpg 768w, https:\/\/elinformanteperu.com\/wp-content\/uploads\/2018\/07\/soy-luna7-128x72.jpg 128w, https:\/\/elinformanteperu.com\/wp-content\/uploads\/2018\/07\/soy-luna7-32x18.jpg 32w, https:\/\/elinformanteperu.com\/wp-content\/uploads\/2018\/07\/soy-luna7-620x350.jpg 620w\" sizes=\"(max-width: 800px) 100vw, 800px\" \/><\/p>\n<p><span style=\"color: #000000;\">Por otro lado, Matteo sufre un inesperado accidente y Luna se desespera al enterarse de que su salud corre peligro. Adem\u00e1s, en la mansi\u00f3n los d\u00edas de tranquilidad han quedado atr\u00e1s. Los planes de Sharon est\u00e1n saliendo a la perfecci\u00f3n y la justicia investiga a los padres de Luna por un crimen que no cometieron.<\/span><\/p>\n<p><span style=\"color: #000000;\">Soy Luna es una producci\u00f3n original de Disney Channel. El programa se estren\u00f3 en marzo de 2016, y est\u00e1 disponible en Netflix para toda la regi\u00f3n. Con un elenco de Argentina, Chile, Espa\u00f1a, Italia, Brasil y M\u00e9xico, se emite en 150 pa\u00edses y est\u00e1 doblada a 15 idiomas. La nueva temporada, que se estren\u00f3 en Disney Channel el 16 de abril de este a\u00f1o, acompa\u00f1a el inicio de Soy Luna en Vivo, el tour que lleva al elenco por Latinoam\u00e9rica y Estados Unidos, con un gran despliegue musical, las canciones de la serie y una puesta en escena impactante.<\/span><\/p>\n<p><img decoding=\"async\" class=\"aligncenter size-full wp-image-30308\" src=\"http:\/\/elinformanteperu.com\/wp-content\/uploads\/2018\/07\/soy-luna8.jpg\" alt=\"\" width=\"800\" height=\"450\" srcset=\"https:\/\/elinformanteperu.com\/wp-content\/uploads\/2018\/07\/soy-luna8.jpg 800w, https:\/\/elinformanteperu.com\/wp-content\/uploads\/2018\/07\/soy-luna8-300x169.jpg 300w, https:\/\/elinformanteperu.com\/wp-content\/uploads\/2018\/07\/soy-luna8-768x432.jpg 768w, https:\/\/elinformanteperu.com\/wp-content\/uploads\/2018\/07\/soy-luna8-128x72.jpg 128w, https:\/\/elinformanteperu.com\/wp-content\/uploads\/2018\/07\/soy-luna8-32x18.jpg 32w, https:\/\/elinformanteperu.com\/wp-content\/uploads\/2018\/07\/soy-luna8-620x350.jpg 620w\" sizes=\"(max-width: 800px) 100vw, 800px\" \/><\/p>\n","protected":false},"excerpt":{"rendered":"<p>&#8216;Soy Luna&#8217;, la serie \u00e9xito de Disney Channel vuelve al canal el lunes 9 de julio a las 7:00 pm para cautivar a la audiencia con los nuevos episodios de la temporada. Lima, 08 de Julio 2018, (El Informante Per\u00fa).- &#8216;Soy Luna&#8217;, la serie \u00e9xito de Disney Channel vuelve al canal el lunes 9 de [&hellip;]<\/p>\n","protected":false},"author":1,"featured_media":30306,"comment_status":"open","ping_status":"open","sticky":false,"template":"","format":"standard","meta":{"rop_custom_images_group":[],"rop_custom_messages_group":[],"rop_publish_now":"initial","rop_publish_now_accounts":[],"rop_publish_now_history":[],"rop_publish_now_status":"pending","footnotes":""},"categories":[70],"tags":[543,1019,722],"class_list":["post-30304","post","type-post","status-publish","format-standard","has-post-thumbnail","hentry","category-farandula","tag-disney","tag-disney-channel","tag-soy-luna"],"_links":{"self":[{"href":"https:\/\/elinformanteperu.com\/index.php\/wp-json\/wp\/v2\/posts\/30304","targetHints":{"allow":["GET"]}}],"collection":[{"href":"https:\/\/elinformanteperu.com\/index.php\/wp-json\/wp\/v2\/posts"}],"about":[{"href":"https:\/\/elinformanteperu.com\/index.php\/wp-json\/wp\/v2\/types\/post"}],"author":[{"embeddable":true,"href":"https:\/\/elinformanteperu.com\/index.php\/wp-json\/wp\/v2\/users\/1"}],"replies":[{"embeddable":true,"href":"https:\/\/elinformanteperu.com\/index.php\/wp-json\/wp\/v2\/comments?post=30304"}],"version-history":[{"count":1,"href":"https:\/\/elinformanteperu.com\/index.php\/wp-json\/wp\/v2\/posts\/30304\/revisions"}],"predecessor-version":[{"id":30309,"href":"https:\/\/elinformanteperu.com\/index.php\/wp-json\/wp\/v2\/posts\/30304\/revisions\/30309"}],"wp:featuredmedia":[{"embeddable":true,"href":"https:\/\/elinformanteperu.com\/index.php\/wp-json\/wp\/v2\/media\/30306"}],"wp:attachment":[{"href":"https:\/\/elinformanteperu.com\/index.php\/wp-json\/wp\/v2\/media?parent=30304"}],"wp:term":[{"taxonomy":"category","embeddable":true,"href":"https:\/\/elinformanteperu.com\/index.php\/wp-json\/wp\/v2\/categories?post=30304"},{"taxonomy":"post_tag","embeddable":true,"href":"https:\/\/elinformanteperu.com\/index.php\/wp-json\/wp\/v2\/tags?post=30304"}],"curies":[{"name":"wp","href":"https:\/\/api.w.org\/{rel}","templated":true}]}}