{"id":3018,"date":"2016-12-20T23:43:53","date_gmt":"2016-12-21T04:43:53","guid":{"rendered":"http:\/\/elinformanteperu.com\/?p=3018"},"modified":"2016-12-20T23:43:53","modified_gmt":"2016-12-21T04:43:53","slug":"jefe-del-gabinete-lamenta-muerte-de-policias-en-abancay","status":"publish","type":"post","link":"https:\/\/elinformanteperu.com\/index.php\/2016\/12\/20\/jefe-del-gabinete-lamenta-muerte-de-policias-en-abancay\/","title":{"rendered":"Jefe del Gabinete lamenta muerte de polic\u00edas en Abancay"},"content":{"rendered":"<p><strong>El jefe del Gabinete Ministerial, Fernando Zavala, lament\u00f3 el fallecimiento de agentes policiales que iban a bordo de un bus que se volc\u00f3 en la provincia de Abancay.<\/strong><\/p>\n<p><strong>Lima, 20 Diciembre 2016, (ANDINA).- El jefe del Gabinete Ministerial, Fernando Zavala, lament\u00f3<\/strong> el fallecimiento de agentes policiales que iban a bordo de un bus que se volc\u00f3 en la provincia de Abancay, en la regi\u00f3n Apur\u00edmac.<\/p>\n<p>\u00abLamento profundamente el accidente que han sufrido nuestros polic\u00edas. El ministro (Carlos) Basombr\u00edo en camino para liderar acciones de rescate y atenci\u00f3n\u00bb, escribi\u00f3 en Twitter.<\/p>\n<p>La Polic\u00eda Nacional inform\u00f3 que a 12 se elev\u00f3 el n\u00famero de polic\u00edas fallecidos y 13 los heridos tras el accidente en la carretera Abancay-Antabamba.<\/p>\n<p>Los agentes fallecidos fueron identificados como los suboficiales Oscar Arturo Rejas Mamani, C\u00e9sar Augusto Tune Condori, Eluid Fern\u00e1ndez Aparco, Julina Uzaqui Barrientos, Efra\u00edn Cahuana Ccasa, Ivar Quispe Munares, Ra\u00fal Edison Chicclla Malpartipa<\/p>\n<p>Asimismo, Alex Chumbes Saavedra, Jos\u00e9 Antonio Peralta Valenza, Francisco Olivera Mena, Manuel Rafael Delgado Guti\u00e9rrez y Antonny Vargas Guill\u00e9n.<\/p>\n","protected":false},"excerpt":{"rendered":"<p>El jefe del Gabinete Ministerial, Fernando Zavala, lament\u00f3 el fallecimiento de agentes policiales que iban a bordo de un bus que se volc\u00f3 en la provincia de Abancay. Lima, 20 Diciembre 2016, (ANDINA).- El jefe del Gabinete Ministerial, Fernando Zavala, lament\u00f3 el fallecimiento de agentes policiales que iban a bordo de un bus que se [&hellip;]<\/p>\n","protected":false},"author":1,"featured_media":1940,"comment_status":"open","ping_status":"open","sticky":false,"template":"","format":"standard","meta":{"rop_custom_images_group":[],"rop_custom_messages_group":[],"rop_publish_now":"initial","rop_publish_now_accounts":[],"rop_publish_now_history":[],"rop_publish_now_status":"pending","footnotes":""},"categories":[5],"tags":[75,438],"class_list":["post-3018","post","type-post","status-publish","format-standard","has-post-thumbnail","hentry","category-actualidad-informativa","tag-fernando-zavala","tag-pnp"],"_links":{"self":[{"href":"https:\/\/elinformanteperu.com\/index.php\/wp-json\/wp\/v2\/posts\/3018","targetHints":{"allow":["GET"]}}],"collection":[{"href":"https:\/\/elinformanteperu.com\/index.php\/wp-json\/wp\/v2\/posts"}],"about":[{"href":"https:\/\/elinformanteperu.com\/index.php\/wp-json\/wp\/v2\/types\/post"}],"author":[{"embeddable":true,"href":"https:\/\/elinformanteperu.com\/index.php\/wp-json\/wp\/v2\/users\/1"}],"replies":[{"embeddable":true,"href":"https:\/\/elinformanteperu.com\/index.php\/wp-json\/wp\/v2\/comments?post=3018"}],"version-history":[{"count":1,"href":"https:\/\/elinformanteperu.com\/index.php\/wp-json\/wp\/v2\/posts\/3018\/revisions"}],"predecessor-version":[{"id":3019,"href":"https:\/\/elinformanteperu.com\/index.php\/wp-json\/wp\/v2\/posts\/3018\/revisions\/3019"}],"wp:featuredmedia":[{"embeddable":true,"href":"https:\/\/elinformanteperu.com\/index.php\/wp-json\/wp\/v2\/media\/1940"}],"wp:attachment":[{"href":"https:\/\/elinformanteperu.com\/index.php\/wp-json\/wp\/v2\/media?parent=3018"}],"wp:term":[{"taxonomy":"category","embeddable":true,"href":"https:\/\/elinformanteperu.com\/index.php\/wp-json\/wp\/v2\/categories?post=3018"},{"taxonomy":"post_tag","embeddable":true,"href":"https:\/\/elinformanteperu.com\/index.php\/wp-json\/wp\/v2\/tags?post=3018"}],"curies":[{"name":"wp","href":"https:\/\/api.w.org\/{rel}","templated":true}]}}