{"id":30178,"date":"2018-07-05T00:30:13","date_gmt":"2018-07-05T05:30:13","guid":{"rendered":"http:\/\/elinformanteperu.com\/?p=30178"},"modified":"2018-07-05T00:30:13","modified_gmt":"2018-07-05T05:30:13","slug":"ejecutivo-confia-que-congreso-aprobara-normas-emitidas-por-facultades-delegadas","status":"publish","type":"post","link":"https:\/\/elinformanteperu.com\/index.php\/2018\/07\/05\/ejecutivo-confia-que-congreso-aprobara-normas-emitidas-por-facultades-delegadas\/","title":{"rendered":"Ejecutivo conf\u00eda que Congreso aprobar\u00e1 normas emitidas por facultades delegadas"},"content":{"rendered":"<p><strong><span style=\"color: #000000;\">El jefe del Gabinete Ministerial, C\u00e9sar Villanueva, expres\u00f3 su confianza en que el Congreso de la Rep\u00fablica aprobar\u00e1 las normas emitidas por el Poder Ejecutivo.<\/span><\/strong><\/p>\n<p><span style=\"color: #000000;\"><strong>Lima, 04 de Julio 2018, (ANDINA).-<\/strong> El jefe del Gabinete Ministerial, C\u00e9sar Villanueva, expres\u00f3 su confianza en que el Congreso de la Rep\u00fablica aprobar\u00e1 las normas emitidas por el Poder Ejecutivo en el marco de la delegaci\u00f3n de facultades legislativas.<\/span><\/p>\n<p><span style=\"color: #000000;\">En conferencia de prensa, precis\u00f3 que este ser\u00e1 uno de los temas que trabajar\u00e1n de manera coordinada con la bancada de Peruanos por el Kambio (PPK).<\/span><\/p>\n<p><span style=\"color: #000000;\">\u201cConfiamos en que vamos a poder cumplir en el plazo de 60 d\u00edas que tenemos previsto y confiamos que pueda ser aprobado el conjunto de las propuestas que hemos hecho y se debata en el Congreso de acuerdo a su propia visi\u00f3n de priorizaci\u00f3n\u201d, dijo.<\/span><\/p>\n<p><span style=\"color: #000000;\">Villanueva explic\u00f3 que est\u00e1n elaborando un cronograma con cada uno de los sectores que tiene ver con las propuestas legislativas, como econom\u00eda, trabajo, reforma del Estado, entre otros.<\/span><\/p>\n<p><span style=\"color: #000000;\">\u201cConfiamos en que lo fundamental, que es la parte econ\u00f3mica, se pueda aprobar para mantener una econom\u00eda que va en ascenso progresivamente y estas normas que hemos presentado van a enriquecer estas posibilidades\u201d, se\u00f1al\u00f3.<\/span><\/p>\n<p><strong><span style=\"color: #000000;\">Bancada PPK<\/span><\/strong><\/p>\n<p><span style=\"color: #000000;\">En otro momento, C\u00e9sar Villanueva explic\u00f3 que la reuni\u00f3n en la v\u00edspera con los congresistas de Peruanos por el Kambio (PPK) fue bastante \u00abproductiva y cordial\u00bb, y asegur\u00f3 que desde el Poder Ejecutivo siempre la consideraron como la bancada de Gobierno.<\/span><\/p>\n<p><span style=\"color: #000000;\">Seg\u00fan dijo, si hubo algunas expresiones mostrando desacuerdos con el gobierno, estas se debieron a que las coordinaciones no estaban bien afinadas.<\/span><\/p>\n<p><span style=\"color: #000000;\">\u201cAhora hemos establecido mecanismos de coordinaci\u00f3n m\u00e1s estrechos, porque s\u00ed estamos conversando y son testigos que hemos tenido una ronda de conversaciones con todas las bancadas y es obvio que debemos tenerla con la bancada de Gobierno\u201d, sostuvo.<\/span><\/p>\n<p><span style=\"color: #000000;\">En ese sentido, asegur\u00f3 que, tras la reuni\u00f3n con la bancada de PPK, establecieron mecanismos para una agenda parlamentaria que priorice el trabajo en conjunto.<\/span><\/p>\n","protected":false},"excerpt":{"rendered":"<p>El jefe del Gabinete Ministerial, C\u00e9sar Villanueva, expres\u00f3 su confianza en que el Congreso de la Rep\u00fablica aprobar\u00e1 las normas emitidas por el Poder Ejecutivo. Lima, 04 de Julio 2018, (ANDINA).- El jefe del Gabinete Ministerial, C\u00e9sar Villanueva, expres\u00f3 su confianza en que el Congreso de la Rep\u00fablica aprobar\u00e1 las normas emitidas por el Poder [&hellip;]<\/p>\n","protected":false},"author":1,"featured_media":30180,"comment_status":"open","ping_status":"open","sticky":false,"template":"","format":"standard","meta":{"rop_custom_images_group":[],"rop_custom_messages_group":[],"rop_publish_now":"initial","rop_publish_now_accounts":[],"rop_publish_now_history":[],"rop_publish_now_status":"pending","footnotes":""},"categories":[5],"tags":[853,189],"class_list":["post-30178","post","type-post","status-publish","format-standard","has-post-thumbnail","hentry","category-actualidad-informativa","tag-cesar-villanueva","tag-pcm"],"_links":{"self":[{"href":"https:\/\/elinformanteperu.com\/index.php\/wp-json\/wp\/v2\/posts\/30178","targetHints":{"allow":["GET"]}}],"collection":[{"href":"https:\/\/elinformanteperu.com\/index.php\/wp-json\/wp\/v2\/posts"}],"about":[{"href":"https:\/\/elinformanteperu.com\/index.php\/wp-json\/wp\/v2\/types\/post"}],"author":[{"embeddable":true,"href":"https:\/\/elinformanteperu.com\/index.php\/wp-json\/wp\/v2\/users\/1"}],"replies":[{"embeddable":true,"href":"https:\/\/elinformanteperu.com\/index.php\/wp-json\/wp\/v2\/comments?post=30178"}],"version-history":[{"count":1,"href":"https:\/\/elinformanteperu.com\/index.php\/wp-json\/wp\/v2\/posts\/30178\/revisions"}],"predecessor-version":[{"id":30181,"href":"https:\/\/elinformanteperu.com\/index.php\/wp-json\/wp\/v2\/posts\/30178\/revisions\/30181"}],"wp:featuredmedia":[{"embeddable":true,"href":"https:\/\/elinformanteperu.com\/index.php\/wp-json\/wp\/v2\/media\/30180"}],"wp:attachment":[{"href":"https:\/\/elinformanteperu.com\/index.php\/wp-json\/wp\/v2\/media?parent=30178"}],"wp:term":[{"taxonomy":"category","embeddable":true,"href":"https:\/\/elinformanteperu.com\/index.php\/wp-json\/wp\/v2\/categories?post=30178"},{"taxonomy":"post_tag","embeddable":true,"href":"https:\/\/elinformanteperu.com\/index.php\/wp-json\/wp\/v2\/tags?post=30178"}],"curies":[{"name":"wp","href":"https:\/\/api.w.org\/{rel}","templated":true}]}}