{"id":30163,"date":"2018-07-05T00:00:29","date_gmt":"2018-07-05T05:00:29","guid":{"rendered":"http:\/\/elinformanteperu.com\/?p=30163"},"modified":"2018-07-05T00:00:29","modified_gmt":"2018-07-05T05:00:29","slug":"venezolanos-en-peru-rechazan-actos-delictivos-de-connacionales","status":"publish","type":"post","link":"https:\/\/elinformanteperu.com\/index.php\/2018\/07\/05\/venezolanos-en-peru-rechazan-actos-delictivos-de-connacionales\/","title":{"rendered":"Venezolanos en Per\u00fa rechazan actos delictivos de connacionales"},"content":{"rendered":"<p><strong><span style=\"color: #000000;\">El presidente de la ONG Uni\u00f3n Venezolana en Per\u00fa se reuni\u00f3 con el fiscal de la Naci\u00f3n para solicitar actuar con rigurosidad en los casos de venezolanos\u00a0 involucrados en hechos delictivos.<\/span><\/strong><\/p>\n<p><span style=\"color: #000000;\"><strong>Lima, 04 de Julio 2018, (ANDINA).-<\/strong> El presidente de la ONG Uni\u00f3n Venezolana en Per\u00fa, Oscar P\u00e9rez, se reuni\u00f3 con el fiscal de la Naci\u00f3n, Pablo S\u00e1nchez Velarde, para solicitar, en nombre de la comunidad venezolana, que instruya a todos los \u00f3rganos competentes del Ministerio P\u00fablico a actuar con rigurosidad en los casos donde ciudadanos venezolanos est\u00e9n presuntamente involucrados en hechos delictivos.<\/span><\/p>\n<p><span style=\"color: #000000;\">\u00abLa inmensa mayor\u00eda de los venezolanos, muchos de ellos universitarios y profesionales que han venido al Per\u00fa con muchos sue\u00f1os y aspiraciones, no permitir\u00e1 que un reducido grupo de malos elementos pretenda llevarse la vida f\u00e1cil. No vamos a tolerar que alg\u00fan mal elemento proveniente de Venezuela da\u00f1e la honra, la reputaci\u00f3n y la honestidad que caracteriza a la inmensa mayor\u00eda de venezolanos que han llegado al Per\u00fa huyendo de la grave crisis en nuestro pa\u00eds\u00bb, enfatiz\u00f3 P\u00e9rez.<\/span><\/p>\n<p><span style=\"color: #000000;\">Igualmente, reiter\u00f3 que ser\u00e1n los primeros en aplaudir y acompa\u00f1ar cualquier acci\u00f3n del Ministerio P\u00fablico, la Polic\u00eda Nacional y el Poder Judicial que vaya dirigida a aquellos que defraudan la solidaridad con la que ha venido actuando el pueblo peruano.<\/span><\/p>\n<p><span style=\"color: #000000;\">En este sentido, P\u00e9rez inform\u00f3 que desde la ONG habilitaron un correo electr\u00f3nico: denunciaenlima@gmail.com, para recibir denuncias sobre venezolanos que est\u00e9n cometiendo hechos al margen de la legalidad, a fin de coordinar con los \u00f3rganos de justicia para corroborar la informaci\u00f3n y, de ser cierta, tomar los correctivos necesarios.<\/span><\/p>\n<p><span style=\"color: #000000;\">Por otro lado, P\u00e9rez alert\u00f3 a la ciudadan\u00eda en general que el gobierno de Nicol\u00e1s Maduro est\u00e1 orquestando una campa\u00f1a de desacreditaci\u00f3n a la di\u00e1spora venezolana. \u00abNo nos queda la menor duda de que el r\u00e9gimen de Maduro, acompa\u00f1ado por sus aliados en el Per\u00fa y otras partes del mundo, est\u00e1 adelantando de manera organizada una campa\u00f1a de psicosociales que busca descalificar la migraci\u00f3n venezolana y que se genere una suerte de ola xenof\u00f3bica contra nosotros\u00bb, expres\u00f3.<\/span><\/p>\n<p><span style=\"color: #000000;\">Por \u00faltimo, asegur\u00f3 que quienes huyeron de Venezuela deben sentirse orgullosos por el hecho de que la inmensa mayor\u00eda ha asumido con total responsabilidad el reto hist\u00f3rico que se les ha impuesto.<\/span><\/p>\n<p><span style=\"color: #000000;\">\u00abHemos llegado a otros pa\u00edses para asumir con honestidad el trabajo diario y salir adelante, realizando actividades alejadas de lo que hac\u00edamos y para lo que nos preparamos en Venezuela, pero que de manera digna nos ganamos la vida para sobrevivir\u00bb, anot\u00f3.<\/span><\/p>\n","protected":false},"excerpt":{"rendered":"<p>El presidente de la ONG Uni\u00f3n Venezolana en Per\u00fa se reuni\u00f3 con el fiscal de la Naci\u00f3n para solicitar actuar con rigurosidad en los casos de venezolanos\u00a0 involucrados en hechos delictivos. Lima, 04 de Julio 2018, (ANDINA).- El presidente de la ONG Uni\u00f3n Venezolana en Per\u00fa, Oscar P\u00e9rez, se reuni\u00f3 con el fiscal de la [&hellip;]<\/p>\n","protected":false},"author":1,"featured_media":30165,"comment_status":"open","ping_status":"open","sticky":false,"template":"","format":"standard","meta":{"rop_custom_images_group":[],"rop_custom_messages_group":[],"rop_publish_now":"initial","rop_publish_now_accounts":[],"rop_publish_now_history":[],"rop_publish_now_status":"pending","footnotes":""},"categories":[10],"tags":[430,370],"class_list":["post-30163","post","type-post","status-publish","format-standard","has-post-thumbnail","hentry","category-actualidad-municipal","tag-fiscalia","tag-ministerio-publico"],"_links":{"self":[{"href":"https:\/\/elinformanteperu.com\/index.php\/wp-json\/wp\/v2\/posts\/30163","targetHints":{"allow":["GET"]}}],"collection":[{"href":"https:\/\/elinformanteperu.com\/index.php\/wp-json\/wp\/v2\/posts"}],"about":[{"href":"https:\/\/elinformanteperu.com\/index.php\/wp-json\/wp\/v2\/types\/post"}],"author":[{"embeddable":true,"href":"https:\/\/elinformanteperu.com\/index.php\/wp-json\/wp\/v2\/users\/1"}],"replies":[{"embeddable":true,"href":"https:\/\/elinformanteperu.com\/index.php\/wp-json\/wp\/v2\/comments?post=30163"}],"version-history":[{"count":1,"href":"https:\/\/elinformanteperu.com\/index.php\/wp-json\/wp\/v2\/posts\/30163\/revisions"}],"predecessor-version":[{"id":30166,"href":"https:\/\/elinformanteperu.com\/index.php\/wp-json\/wp\/v2\/posts\/30163\/revisions\/30166"}],"wp:featuredmedia":[{"embeddable":true,"href":"https:\/\/elinformanteperu.com\/index.php\/wp-json\/wp\/v2\/media\/30165"}],"wp:attachment":[{"href":"https:\/\/elinformanteperu.com\/index.php\/wp-json\/wp\/v2\/media?parent=30163"}],"wp:term":[{"taxonomy":"category","embeddable":true,"href":"https:\/\/elinformanteperu.com\/index.php\/wp-json\/wp\/v2\/categories?post=30163"},{"taxonomy":"post_tag","embeddable":true,"href":"https:\/\/elinformanteperu.com\/index.php\/wp-json\/wp\/v2\/tags?post=30163"}],"curies":[{"name":"wp","href":"https:\/\/api.w.org\/{rel}","templated":true}]}}