{"id":30153,"date":"2018-07-04T23:50:33","date_gmt":"2018-07-05T04:50:33","guid":{"rendered":"http:\/\/elinformanteperu.com\/?p=30153"},"modified":"2018-07-04T23:50:33","modified_gmt":"2018-07-05T04:50:33","slug":"ministro-de-vivienda-construiremos-6000-casas-bioclimaticas-en-zonas-rurales-afectadas-por-el-nino-costero","status":"publish","type":"post","link":"https:\/\/elinformanteperu.com\/index.php\/2018\/07\/04\/ministro-de-vivienda-construiremos-6000-casas-bioclimaticas-en-zonas-rurales-afectadas-por-el-nino-costero\/","title":{"rendered":"Ministro de Vivienda: Construiremos 6000 casas bioclim\u00e1ticas en zonas rurales afectadas por el Ni\u00f1o Costero"},"content":{"rendered":"<p><strong><span style=\"color: #000000;\">Se edificar\u00e1n entre este y el pr\u00f3ximo a\u00f1o con una inversi\u00f3n de S\/ 167 millones. A la fecha, hay 6000 viviendas Techo Propio reconstruidas.<\/span><\/strong><\/p>\n<p><span style=\"color: #000000;\"><strong>Lima, 04 de Julio 2018, (El Informante Per\u00fa).-<\/strong> El ministro de Vivienda, Construcci\u00f3n y Saneamiento, Javier Piqu\u00e9 del Pozo, anunci\u00f3 que entre este y el pr\u00f3ximo a\u00f1o se construir\u00e1n 6000 casas bioclim\u00e1ticas \u201cSumaq Wasi\u201d en las zonas rurales afectadas por el fen\u00f3meno El Ni\u00f1o Costero, como parte de la Reconstrucci\u00f3n con Cambios.<\/span><\/p>\n<p><span style=\"color: #000000;\">\u201cEn la zonas rurales en emergencia, vamos a construir 6000 viviendas bioclim\u00e1ticas con los fondos de la reconstrucci\u00f3n entre este y el pr\u00f3ximo a\u00f1o\u201d, precis\u00f3 el ministro Piqu\u00e9 en su recorrido por el stand del Ministerio de Vivienda en la feria EXPOARCON 2018.<\/span><\/p>\n<p><span style=\"color: #000000;\">Asimismo, indic\u00f3 que se invertir\u00e1n cerca de 167 millones de soles en la construcci\u00f3n de las 6000 viviendas \u201cSumaq Wasi\u201d, teniendo en cuenta que cada una de ellas tiene un valor aproximado de 26 500 soles.<\/span><\/p>\n<p><span style=\"color: #000000;\">Javier Piqu\u00e9 tambi\u00e9n se\u00f1al\u00f3 que a la fecha se han construido un total de 552 viviendas bioclim\u00e1ticas como parte de la Reconstrucci\u00f3n con Cambios.<\/span><\/p>\n<p><span style=\"color: #000000;\">Cabe indicar que las casas \u201cSumq Wasi\u201d cuentan con normas, sistemas y materiales constructivos que funcionan como aislante t\u00e9rmico, propicio para las bajas temperaturas. Adem\u00e1s, su infraestructura es sismoresistente, pues cuentan con muros de adobe y refuerzos de ca\u00f1a colocados en forma horizontal y vertical.<\/span><\/p>\n<p><span style=\"color: #000000;\">Desde el 2015 hasta la fecha, el Ministerio de Vivienda, a trav\u00e9s del Programa Nacional de Vivienda Rural, ha construido 15 000 casas \u201cSumaq Wasi\u201d en diferentes regiones. \u201cVamos a masificar progresivamente el uso de este tipo de m\u00f3dulos bioclim\u00e1ticos en todo el pa\u00eds\u201d, manifest\u00f3 Javier Piqu\u00e9.<\/span><\/p>\n<p><strong><span style=\"color: #000000;\">Reconstrucci\u00f3n de viviendas Techo Propio<\/span><\/strong><\/p>\n<p><span style=\"color: #000000;\">El titular del sector tambi\u00e9n se\u00f1al\u00f3 que a la fecha se han reconstruido 6000 viviendas afectadas por el Ni\u00f1o Costero con el Bono Familiar Habitacional del programa Techo Propio en las regiones de \u00c1ncash, La Libertad, Lambayeque, Lima y Piura.<\/span><\/p>\n<p><span style=\"color: #000000;\">\u201cA la fecha, hay 19 000 viviendas convocadas y a fines de julio vamos a convocar 12 000 m\u00e1s, de manera que esperamos tener a fin de a\u00f1o 20 000 casas construidas y entregadas\u201d, destac\u00f3 el ministro Piqu\u00e9.<\/span><\/p>\n<p><img fetchpriority=\"high\" decoding=\"async\" class=\"aligncenter size-full wp-image-30156\" src=\"http:\/\/elinformanteperu.com\/wp-content\/uploads\/2018\/07\/Vivienda-Javier-Piqu\u00e9-Modelo-casa-bioclim\u00e1tica.jpg\" alt=\"\" width=\"800\" height=\"533\" srcset=\"https:\/\/elinformanteperu.com\/wp-content\/uploads\/2018\/07\/Vivienda-Javier-Piqu\u00e9-Modelo-casa-bioclim\u00e1tica.jpg 800w, https:\/\/elinformanteperu.com\/wp-content\/uploads\/2018\/07\/Vivienda-Javier-Piqu\u00e9-Modelo-casa-bioclim\u00e1tica-300x200.jpg 300w, https:\/\/elinformanteperu.com\/wp-content\/uploads\/2018\/07\/Vivienda-Javier-Piqu\u00e9-Modelo-casa-bioclim\u00e1tica-768x512.jpg 768w, https:\/\/elinformanteperu.com\/wp-content\/uploads\/2018\/07\/Vivienda-Javier-Piqu\u00e9-Modelo-casa-bioclim\u00e1tica-128x85.jpg 128w, https:\/\/elinformanteperu.com\/wp-content\/uploads\/2018\/07\/Vivienda-Javier-Piqu\u00e9-Modelo-casa-bioclim\u00e1tica-32x21.jpg 32w\" sizes=\"(max-width: 800px) 100vw, 800px\" \/><\/p>\n","protected":false},"excerpt":{"rendered":"<p>Se edificar\u00e1n entre este y el pr\u00f3ximo a\u00f1o con una inversi\u00f3n de S\/ 167 millones. A la fecha, hay 6000 viviendas Techo Propio reconstruidas. Lima, 04 de Julio 2018, (El Informante Per\u00fa).- El ministro de Vivienda, Construcci\u00f3n y Saneamiento, Javier Piqu\u00e9 del Pozo, anunci\u00f3 que entre este y el pr\u00f3ximo a\u00f1o se construir\u00e1n 6000 casas [&hellip;]<\/p>\n","protected":false},"author":1,"featured_media":30155,"comment_status":"open","ping_status":"open","sticky":false,"template":"","format":"standard","meta":{"rop_custom_images_group":[],"rop_custom_messages_group":[],"rop_publish_now":"initial","rop_publish_now_accounts":[],"rop_publish_now_history":[],"rop_publish_now_status":"pending","footnotes":""},"categories":[10],"tags":[2969,1557],"class_list":["post-30153","post","type-post","status-publish","format-standard","has-post-thumbnail","hentry","category-actualidad-municipal","tag-javier-pique","tag-ministerio-de-vivienda"],"_links":{"self":[{"href":"https:\/\/elinformanteperu.com\/index.php\/wp-json\/wp\/v2\/posts\/30153","targetHints":{"allow":["GET"]}}],"collection":[{"href":"https:\/\/elinformanteperu.com\/index.php\/wp-json\/wp\/v2\/posts"}],"about":[{"href":"https:\/\/elinformanteperu.com\/index.php\/wp-json\/wp\/v2\/types\/post"}],"author":[{"embeddable":true,"href":"https:\/\/elinformanteperu.com\/index.php\/wp-json\/wp\/v2\/users\/1"}],"replies":[{"embeddable":true,"href":"https:\/\/elinformanteperu.com\/index.php\/wp-json\/wp\/v2\/comments?post=30153"}],"version-history":[{"count":1,"href":"https:\/\/elinformanteperu.com\/index.php\/wp-json\/wp\/v2\/posts\/30153\/revisions"}],"predecessor-version":[{"id":30157,"href":"https:\/\/elinformanteperu.com\/index.php\/wp-json\/wp\/v2\/posts\/30153\/revisions\/30157"}],"wp:featuredmedia":[{"embeddable":true,"href":"https:\/\/elinformanteperu.com\/index.php\/wp-json\/wp\/v2\/media\/30155"}],"wp:attachment":[{"href":"https:\/\/elinformanteperu.com\/index.php\/wp-json\/wp\/v2\/media?parent=30153"}],"wp:term":[{"taxonomy":"category","embeddable":true,"href":"https:\/\/elinformanteperu.com\/index.php\/wp-json\/wp\/v2\/categories?post=30153"},{"taxonomy":"post_tag","embeddable":true,"href":"https:\/\/elinformanteperu.com\/index.php\/wp-json\/wp\/v2\/tags?post=30153"}],"curies":[{"name":"wp","href":"https:\/\/api.w.org\/{rel}","templated":true}]}}