{"id":29979,"date":"2018-07-03T21:03:14","date_gmt":"2018-07-04T02:03:14","guid":{"rendered":"http:\/\/elinformanteperu.com\/?p=29979"},"modified":"2018-07-03T21:03:14","modified_gmt":"2018-07-04T02:03:14","slug":"low-seguira-como-seleccionador-de-alemania-pese-al-fiasco-en-el-mundial","status":"publish","type":"post","link":"https:\/\/elinformanteperu.com\/index.php\/2018\/07\/03\/low-seguira-como-seleccionador-de-alemania-pese-al-fiasco-en-el-mundial\/","title":{"rendered":"L\u00f6w seguir\u00e1 como seleccionador de Alemania pese al fiasco en el Mundial"},"content":{"rendered":"<p><strong><span style=\"color: #000000;\">El seleccionador alem\u00e1n, Joachim L\u00f6w, continuar\u00e1 en el puesto pese al fracaso hist\u00f3rico de su equipo en el Mundial de Rusia, donde fue eliminado en la fase de grupos.<\/span><\/strong><\/p>\n<p><span style=\"color: #000000;\"><strong>Berl\u00edn, 03 de Julio 2018 (ANDINA).-<\/strong> El seleccionador alem\u00e1n, Joachim L\u00f6w, continuar\u00e1 en el puesto pese al fracaso hist\u00f3rico de su equipo en el Mundial de Rusia, donde fue eliminado en la fase de grupos, anunci\u00f3 la Federaci\u00f3n Alemana de f\u00fatbol (DFB).<\/span><\/p>\n<p><span style=\"color: #000000;\">L\u00f6w, en el cargo desde 2006 y que llev\u00f3 a la Mannschaft al t\u00edtulo mundial en Brasil-2014, tiene contrato hasta 2022, a\u00f1o del Mundial de Catar, aunque antes tendr\u00e1 como reto importante la Eurocopa de 2020, donde los alemanes tendr\u00e1n como misi\u00f3n borrar su mala imagen de Rusia.<\/span><\/p>\n<p><span style=\"color: #000000;\">Con L\u00f6w como seleccionador, Alemania siempre alcanz\u00f3 al menos las semifinales en todos los grandes torneos, con la \u00fanica excepci\u00f3n de Rusia-2018. Adem\u00e1s del Mundial de 2014, conquist\u00f3 la Copa de las Confederaciones en 2017.<\/span><\/p>\n<p><span style=\"color: #000000;\">La DFB hab\u00eda dado unos d\u00edas al t\u00e9cnico para que tomara una decisi\u00f3n.<\/span><\/p>\n<p><span style=\"color: #000000;\">\u00abValoro mucho la confianza que la DFB me ha dado y siento en general mucho apoyo y \u00e1nimo, pese a las cr\u00edticas justificadas por nuestra eliminaci\u00f3n\u00bb, declar\u00f3 L\u00f6w tras una reuni\u00f3n con dirigentes de la Federaci\u00f3n este martes.<\/span><\/p>\n<p><span style=\"color: #000000;\">\u00abMi decepci\u00f3n sigue siendo inmensa, pero querr\u00eda centrarme en la reconstrucci\u00f3n con toda mi energ\u00eda. Voy a analizarlo con mi equipo, hablar de ello y aprender la lecci\u00f3n para el inicio de la pr\u00f3xima temporada. Todo lleva un tiempo, pero se har\u00e1 antes de que vuelvan los partidos internacionales en septiembre\u00bb, a\u00f1adi\u00f3.<\/span><\/p>\n<p><span style=\"color: #000000;\">El siguiente encuentro que Alemania tiene programado ser\u00e1 el 6 de septiembre en M\u00fanich ante Francia, en el marco de una nueva competici\u00f3n, la Liga de Naciones.<\/span><\/p>\n<p><strong><span style=\"color: #000000;\">&#8211; Sin grandes detractores &#8211;<\/span><\/strong><\/p>\n<p><span style=\"color: #000000;\">El presidente de la DFB, Reinhard Grindel, hab\u00eda dicho antes del partido ante Corea del Sur que pasara lo que pasara seguir\u00eda apostando por L\u00f6w. Alemania cay\u00f3 2-0 en ese encuentro y qued\u00f3 eliminada como colista del Grupo F del Mundial-2018.<\/span><\/p>\n<p><span style=\"color: #000000;\">A su regreso a Alemania tras la participaci\u00f3n mundialista, el presidente de la DFB, Reinhard Grindel, dio a L\u00f6w la opci\u00f3n de decidir sobre su futuro, insistiendo en que esperaba su continuidad en el puesto.<\/span><\/p>\n<p><span style=\"color: #000000;\">L\u00f6w prefiri\u00f3 no responder y pidi\u00f3 tiempo para pensarlo: \u00abEs demasiado pronto para responder&#8230; Vamos a hablar y veremos qu\u00e9 pasa\u00bb, hab\u00eda dicho. \u00abEl equipo no mostr\u00f3 lo que puede hacer en un momento normal y yo, como entrenador, soy responsable. Debo evidentemente preguntarme por qu\u00e9 no hemos triunfado\u00bb.<\/span><\/p>\n<p><span style=\"color: #000000;\">La prensa alemana hab\u00eda se\u00f1alado en los \u00faltimos d\u00edas que L\u00f6w se inclinaba por no abandonar el puesto dejando como su \u00faltima hoja de servicios un fracaso tan rotundo, despu\u00e9s de haberse convertido en un icono del f\u00fatbol alem\u00e1n.<\/span><\/p>\n<p><span style=\"color: #000000;\">L\u00f6w no tiene grandes detractores en Alemania, un caso poco frecuente en un pa\u00eds donde comentaristas y periodistas de f\u00fatbol acostumbran a ser muy duros cuando se producen grandes decepciones deportivas. Tras la humillante derrota contra Corea del Sur se apunt\u00f3 m\u00e1s a los jugadores como culpables, dejando en gran medida de lado al t\u00e9cnico.<\/span><\/p>\n<p><span style=\"color: #000000;\">En caliente, eso s\u00ed, los hinchas pensaban diferente. M\u00e1s de 500.000 lectores participaron en el sondeo en internet de la revista Kicker justo tras la eliminaci\u00f3n y un 73% prefer\u00eda la salida de L\u00f6w.<\/span><\/p>\n<p><img fetchpriority=\"high\" decoding=\"async\" class=\"aligncenter size-full wp-image-12359\" src=\"http:\/\/elinformanteperu.com\/wp-content\/uploads\/2017\/06\/Joachim-L\u00f6w1.jpg\" alt=\"\" width=\"1024\" height=\"694\" srcset=\"https:\/\/elinformanteperu.com\/wp-content\/uploads\/2017\/06\/Joachim-L\u00f6w1.jpg 1024w, https:\/\/elinformanteperu.com\/wp-content\/uploads\/2017\/06\/Joachim-L\u00f6w1-300x203.jpg 300w, https:\/\/elinformanteperu.com\/wp-content\/uploads\/2017\/06\/Joachim-L\u00f6w1-768x521.jpg 768w, https:\/\/elinformanteperu.com\/wp-content\/uploads\/2017\/06\/Joachim-L\u00f6w1-128x87.jpg 128w, https:\/\/elinformanteperu.com\/wp-content\/uploads\/2017\/06\/Joachim-L\u00f6w1-32x22.jpg 32w\" sizes=\"(max-width: 1024px) 100vw, 1024px\" \/><\/p>\n","protected":false},"excerpt":{"rendered":"<p>El seleccionador alem\u00e1n, Joachim L\u00f6w, continuar\u00e1 en el puesto pese al fracaso hist\u00f3rico de su equipo en el Mundial de Rusia, donde fue eliminado en la fase de grupos. Berl\u00edn, 03 de Julio 2018 (ANDINA).- El seleccionador alem\u00e1n, Joachim L\u00f6w, continuar\u00e1 en el puesto pese al fracaso hist\u00f3rico de su equipo en el Mundial de [&hellip;]<\/p>\n","protected":false},"author":1,"featured_media":29981,"comment_status":"open","ping_status":"open","sticky":false,"template":"","format":"standard","meta":{"rop_custom_images_group":[],"rop_custom_messages_group":[],"rop_publish_now":"initial","rop_publish_now_accounts":[],"rop_publish_now_history":[],"rop_publish_now_status":"pending","footnotes":""},"categories":[8],"tags":[350,1830],"class_list":["post-29979","post","type-post","status-publish","format-standard","has-post-thumbnail","hentry","category-disciplinas-deportivas","tag-alemania","tag-joachim-low"],"_links":{"self":[{"href":"https:\/\/elinformanteperu.com\/index.php\/wp-json\/wp\/v2\/posts\/29979","targetHints":{"allow":["GET"]}}],"collection":[{"href":"https:\/\/elinformanteperu.com\/index.php\/wp-json\/wp\/v2\/posts"}],"about":[{"href":"https:\/\/elinformanteperu.com\/index.php\/wp-json\/wp\/v2\/types\/post"}],"author":[{"embeddable":true,"href":"https:\/\/elinformanteperu.com\/index.php\/wp-json\/wp\/v2\/users\/1"}],"replies":[{"embeddable":true,"href":"https:\/\/elinformanteperu.com\/index.php\/wp-json\/wp\/v2\/comments?post=29979"}],"version-history":[{"count":1,"href":"https:\/\/elinformanteperu.com\/index.php\/wp-json\/wp\/v2\/posts\/29979\/revisions"}],"predecessor-version":[{"id":29982,"href":"https:\/\/elinformanteperu.com\/index.php\/wp-json\/wp\/v2\/posts\/29979\/revisions\/29982"}],"wp:featuredmedia":[{"embeddable":true,"href":"https:\/\/elinformanteperu.com\/index.php\/wp-json\/wp\/v2\/media\/29981"}],"wp:attachment":[{"href":"https:\/\/elinformanteperu.com\/index.php\/wp-json\/wp\/v2\/media?parent=29979"}],"wp:term":[{"taxonomy":"category","embeddable":true,"href":"https:\/\/elinformanteperu.com\/index.php\/wp-json\/wp\/v2\/categories?post=29979"},{"taxonomy":"post_tag","embeddable":true,"href":"https:\/\/elinformanteperu.com\/index.php\/wp-json\/wp\/v2\/tags?post=29979"}],"curies":[{"name":"wp","href":"https:\/\/api.w.org\/{rel}","templated":true}]}}