{"id":29970,"date":"2018-07-03T20:43:09","date_gmt":"2018-07-04T01:43:09","guid":{"rendered":"http:\/\/elinformanteperu.com\/?p=29970"},"modified":"2018-07-03T20:43:09","modified_gmt":"2018-07-04T01:43:09","slug":"ximena-galiano-y-mateo-garrido-lecca-pondran-su-voz-a-personajes-de-hotel-transylvania-3","status":"publish","type":"post","link":"https:\/\/elinformanteperu.com\/index.php\/2018\/07\/03\/ximena-galiano-y-mateo-garrido-lecca-pondran-su-voz-a-personajes-de-hotel-transylvania-3\/","title":{"rendered":"Ximena Galiano y Mateo Garrido Lecca pondr\u00e1n su voz a personajes de &#8216;Hotel Transylvania 3&#8217;"},"content":{"rendered":"<p><strong><span style=\"color: #000000;\">Los influencers Ximena Galiano y Mateo Garrido Lecca se sumaron al elenco de voces que dar\u00e1n vida a los personajes de la tercera entrega de Hotel Transylvania.<\/span><\/strong><\/p>\n<p><span style=\"color: #000000;\"><strong>Lima, 03 de Julio 2018 (El Informante Per\u00fa).-<\/strong> Los influencers Ximena Galiano y Mateo Garrido Lecca se sumaron al elenco de voces que dar\u00e1n vida a los personajes de la tercera entrega de la pel\u00edcula animada Hotel Transylvania, la cual llegar\u00e1 a nuestro pa\u00eds el 12 de julio.<\/span><\/p>\n<p><span style=\"color: #000000;\">Las voces de los peruanos se oir\u00e1n junto a la de otros talentos latinos como Germ\u00e1n Fabregat, Violeta Isfel, Christobal Orellana, entre otros, quienes tambi\u00e9n prestar\u00e1n su voz para el doblaje oficial de todo Latinoam\u00e9rica.<\/span><\/p>\n<p><span style=\"color: #000000;\">Sony confirm\u00f3 que los personajes que Galiano y Garrido Lecca interpretar\u00e1n son los de Carl y Lucy, una pareja de novios que celebra su boda en el hotel de los amigables monstruos. Ximena Galiano ya hab\u00eda dado detalle sobre esto en sus redes sociales, sin embargo esto ya se hizo oficial esta semana.<\/span><\/p>\n<p><span style=\"color: #000000;\">Cabe destacar que la pareja, hace unos meses, hizo su debut en la pantalla grande con una aparici\u00f3n breve en la pel\u00edcula peruana Soltera Codiciada.<\/span><\/p>\n<p><span style=\"color: #000000;\">\u201cHotel Transylvania 3\u201d llegar\u00e1 a los cines nacionales a partir del 12 de julio.<\/span><\/p>\n<p><img fetchpriority=\"high\" decoding=\"async\" class=\"aligncenter  wp-image-29973\" src=\"http:\/\/elinformanteperu.com\/wp-content\/uploads\/2018\/07\/XIMENA-Y-MATEO.jpg\" alt=\"\" width=\"363\" height=\"453\" srcset=\"https:\/\/elinformanteperu.com\/wp-content\/uploads\/2018\/07\/XIMENA-Y-MATEO.jpg 477w, https:\/\/elinformanteperu.com\/wp-content\/uploads\/2018\/07\/XIMENA-Y-MATEO-241x300.jpg 241w, https:\/\/elinformanteperu.com\/wp-content\/uploads\/2018\/07\/XIMENA-Y-MATEO-103x128.jpg 103w, https:\/\/elinformanteperu.com\/wp-content\/uploads\/2018\/07\/XIMENA-Y-MATEO-26x32.jpg 26w\" sizes=\"(max-width: 363px) 100vw, 363px\" \/><\/p>\n","protected":false},"excerpt":{"rendered":"<p>Los influencers Ximena Galiano y Mateo Garrido Lecca se sumaron al elenco de voces que dar\u00e1n vida a los personajes de la tercera entrega de Hotel Transylvania. Lima, 03 de Julio 2018 (El Informante Per\u00fa).- Los influencers Ximena Galiano y Mateo Garrido Lecca se sumaron al elenco de voces que dar\u00e1n vida a los personajes [&hellip;]<\/p>\n","protected":false},"author":1,"featured_media":29972,"comment_status":"open","ping_status":"open","sticky":false,"template":"","format":"standard","meta":{"rop_custom_images_group":[],"rop_custom_messages_group":[],"rop_publish_now":"initial","rop_publish_now_accounts":[],"rop_publish_now_history":[],"rop_publish_now_status":"pending","footnotes":""},"categories":[7],"tags":[3341,3340,3339],"class_list":["post-29970","post","type-post","status-publish","format-standard","has-post-thumbnail","hentry","category-butaca","tag-hotel-transylvania-3","tag-mateo-garrido-lecca","tag-ximena-galiano"],"_links":{"self":[{"href":"https:\/\/elinformanteperu.com\/index.php\/wp-json\/wp\/v2\/posts\/29970","targetHints":{"allow":["GET"]}}],"collection":[{"href":"https:\/\/elinformanteperu.com\/index.php\/wp-json\/wp\/v2\/posts"}],"about":[{"href":"https:\/\/elinformanteperu.com\/index.php\/wp-json\/wp\/v2\/types\/post"}],"author":[{"embeddable":true,"href":"https:\/\/elinformanteperu.com\/index.php\/wp-json\/wp\/v2\/users\/1"}],"replies":[{"embeddable":true,"href":"https:\/\/elinformanteperu.com\/index.php\/wp-json\/wp\/v2\/comments?post=29970"}],"version-history":[{"count":1,"href":"https:\/\/elinformanteperu.com\/index.php\/wp-json\/wp\/v2\/posts\/29970\/revisions"}],"predecessor-version":[{"id":29974,"href":"https:\/\/elinformanteperu.com\/index.php\/wp-json\/wp\/v2\/posts\/29970\/revisions\/29974"}],"wp:featuredmedia":[{"embeddable":true,"href":"https:\/\/elinformanteperu.com\/index.php\/wp-json\/wp\/v2\/media\/29972"}],"wp:attachment":[{"href":"https:\/\/elinformanteperu.com\/index.php\/wp-json\/wp\/v2\/media?parent=29970"}],"wp:term":[{"taxonomy":"category","embeddable":true,"href":"https:\/\/elinformanteperu.com\/index.php\/wp-json\/wp\/v2\/categories?post=29970"},{"taxonomy":"post_tag","embeddable":true,"href":"https:\/\/elinformanteperu.com\/index.php\/wp-json\/wp\/v2\/tags?post=29970"}],"curies":[{"name":"wp","href":"https:\/\/api.w.org\/{rel}","templated":true}]}}