{"id":29956,"date":"2018-07-02T23:22:45","date_gmt":"2018-07-03T04:22:45","guid":{"rendered":"http:\/\/elinformanteperu.com\/?p=29956"},"modified":"2018-07-02T23:22:45","modified_gmt":"2018-07-03T04:22:45","slug":"corte-idh-ratifica-decision-que-dispone-archivar-investigacion-a-magistrados-del-tc","status":"publish","type":"post","link":"https:\/\/elinformanteperu.com\/index.php\/2018\/07\/02\/corte-idh-ratifica-decision-que-dispone-archivar-investigacion-a-magistrados-del-tc\/","title":{"rendered":"Corte IDH ratifica decisi\u00f3n que dispone archivar investigaci\u00f3n a magistrados del TC"},"content":{"rendered":"<p><strong><span style=\"color: #000000;\">La Corte Interamericana de Derechos Humanos ratific\u00f3 su resoluci\u00f3n que dispone archivar la acusaci\u00f3n constitucional contra cuatro magistrados del Tribunal Constitucional.<\/span><\/strong><\/p>\n<p><span style=\"color: #000000;\"><strong>Lima, 02 de Julio 2018 (ANDINA).-<\/strong> La Corte Interamericana de Derechos Humanos (Corte IDH) ratific\u00f3 su resoluci\u00f3n que dispone archivar en el Congreso de la Rep\u00fablica la acusaci\u00f3n constitucional contra cuatro magistrados del Tribunal Constitucional por el caso \u201cEl Front\u00f3n\u201d.<\/span><\/p>\n<p><span style=\"color: #000000;\">La medida inicial, emitida en febrero pasado, comprende a los magistrados Manuel Miranda, Marianella Ledesma, Carlos Ramos y Eloy Espinosa-Salda\u00f1a, investigados en el Congreso.<\/span><\/p>\n<p><span style=\"color: #000000;\">Dichos magistrados fueron denunciados por once miembros de la Marina de Guerra en situaci\u00f3n de retiro bajo el argumento de que cambiaron la orientaci\u00f3n de uno de los votos (del exmagistrado Juan Vergara Gotelli) de una sentencia del 2013, seg\u00fan la cual se establec\u00eda que en el develamiento del mot\u00edn en el penal El Front\u00f3n, en 1986, no hubo delito de lesa humanidad.<\/span><\/p>\n<p><span style=\"color: #000000;\">La resoluci\u00f3n de la Corte IDH tambi\u00e9n declar\u00f3 inadmisible las solicitudes presentadas por el Estado del Per\u00fa contra su fallo del 12 de abril de 2018, que dispon\u00eda archivar la investigaci\u00f3n, tras se\u00f1alar que sus decisiones son \u201cinimpugnables\u201d.<\/span><\/p>\n<p><span style=\"color: #000000;\">Por su parte, el magistrado del Tribunal Constitucional, Eloy Espinoza-Salda\u00f1a, explic\u00f3 que esta resoluci\u00f3n ratifica que los magistrados no actuaron bajo ning\u00fan condicionamiento pol\u00edtico o medi\u00e1tico.<\/span><\/p>\n<p><span style=\"color: #000000;\">\u201cPor hacer nuestro trabajo en un caso que todav\u00eda est\u00e1 en tr\u00e1mite, no podemos ser procesados por el Congreso\u201d, sostuvo.<\/span><\/p>\n<p><span style=\"color: #000000;\">El magistrado hizo hincapi\u00e9 en que no debe haber una l\u00f3gica de enfrentamiento, sino de colaboraci\u00f3n y coordinaci\u00f3n, en el cual cada organismo haga su trabajo para preservar los derechos de todas las personas.<\/span><\/p>\n<p><span style=\"color: #000000;\">\u201cAqu\u00ed no hay ninguna intenci\u00f3n de nosotros contra el Congreso, ni ellos contra ellos, hay perspectivas distintas (\u2026) hay que seguir adelante y hay casos importantes por ver y muchas responsabilidades en la defensa de los derechos ciudadanos\u201d, dijo.<\/span><\/p>\n<p><span style=\"color: #000000;\">Estos magistrados sostiene que no cambiaron el sentido del fallo del exmagistrado Vergara Gotelli, sino que corrigieron un error.<\/span><\/p>\n<p><strong><span style=\"color: #000000;\">Abogado de exmarinos<\/span><\/strong><\/p>\n<p><span style=\"color: #000000;\">Por su parte, el abogado de un grupo de exmarinos involucrados en el caso El Front\u00f3n, Humberto Abanto, indic\u00f3 que esta resoluci\u00f3n es un \u201cp\u00e9simo precedente\u201d, pues de esta manera \u201cjueces constitucionales pueden dejar sin efecto sentencias firmes\u201d.<\/span><\/p>\n<p><span style=\"color: #000000;\">\u201cPara nosotros toda la ruta esta terminada, queda en manos del Estado peruano definir si la sentencia es ejecutable o no, desde el punto de vista que la Corte Interamericana no puede ordenarle a un cuerpo colegiado que tiene autonom\u00eda como el Congreso, que ejecute una determina acci\u00f3n (\u2026) estamos en una situaci\u00f3n muy compleja\u201d, dijo.<\/span><\/p>\n","protected":false},"excerpt":{"rendered":"<p>La Corte Interamericana de Derechos Humanos ratific\u00f3 su resoluci\u00f3n que dispone archivar la acusaci\u00f3n constitucional contra cuatro magistrados del Tribunal Constitucional. Lima, 02 de Julio 2018 (ANDINA).- La Corte Interamericana de Derechos Humanos (Corte IDH) ratific\u00f3 su resoluci\u00f3n que dispone archivar en el Congreso de la Rep\u00fablica la acusaci\u00f3n constitucional contra cuatro magistrados del Tribunal [&hellip;]<\/p>\n","protected":false},"author":1,"featured_media":20351,"comment_status":"open","ping_status":"open","sticky":false,"template":"","format":"standard","meta":{"rop_custom_images_group":[],"rop_custom_messages_group":[],"rop_publish_now":"initial","rop_publish_now_accounts":[],"rop_publish_now_history":[],"rop_publish_now_status":"pending","footnotes":""},"categories":[5],"tags":[2578,2581,1401],"class_list":["post-29956","post","type-post","status-publish","format-standard","has-post-thumbnail","hentry","category-actualidad-informativa","tag-corte-interamericana-de-derechos-humanos","tag-idh","tag-tribunal-constitucional"],"_links":{"self":[{"href":"https:\/\/elinformanteperu.com\/index.php\/wp-json\/wp\/v2\/posts\/29956","targetHints":{"allow":["GET"]}}],"collection":[{"href":"https:\/\/elinformanteperu.com\/index.php\/wp-json\/wp\/v2\/posts"}],"about":[{"href":"https:\/\/elinformanteperu.com\/index.php\/wp-json\/wp\/v2\/types\/post"}],"author":[{"embeddable":true,"href":"https:\/\/elinformanteperu.com\/index.php\/wp-json\/wp\/v2\/users\/1"}],"replies":[{"embeddable":true,"href":"https:\/\/elinformanteperu.com\/index.php\/wp-json\/wp\/v2\/comments?post=29956"}],"version-history":[{"count":1,"href":"https:\/\/elinformanteperu.com\/index.php\/wp-json\/wp\/v2\/posts\/29956\/revisions"}],"predecessor-version":[{"id":29958,"href":"https:\/\/elinformanteperu.com\/index.php\/wp-json\/wp\/v2\/posts\/29956\/revisions\/29958"}],"wp:featuredmedia":[{"embeddable":true,"href":"https:\/\/elinformanteperu.com\/index.php\/wp-json\/wp\/v2\/media\/20351"}],"wp:attachment":[{"href":"https:\/\/elinformanteperu.com\/index.php\/wp-json\/wp\/v2\/media?parent=29956"}],"wp:term":[{"taxonomy":"category","embeddable":true,"href":"https:\/\/elinformanteperu.com\/index.php\/wp-json\/wp\/v2\/categories?post=29956"},{"taxonomy":"post_tag","embeddable":true,"href":"https:\/\/elinformanteperu.com\/index.php\/wp-json\/wp\/v2\/tags?post=29956"}],"curies":[{"name":"wp","href":"https:\/\/api.w.org\/{rel}","templated":true}]}}