{"id":29953,"date":"2018-07-02T23:14:56","date_gmt":"2018-07-03T04:14:56","guid":{"rendered":"http:\/\/elinformanteperu.com\/?p=29953"},"modified":"2018-07-02T23:14:56","modified_gmt":"2018-07-03T04:14:56","slug":"frente-amplio-rechaza-uso-de-parque-para-manipular-memoria-de-victimas","status":"publish","type":"post","link":"https:\/\/elinformanteperu.com\/index.php\/2018\/07\/02\/frente-amplio-rechaza-uso-de-parque-para-manipular-memoria-de-victimas\/","title":{"rendered":"Frente Amplio rechaza uso de parque para manipular memoria de v\u00edctimas"},"content":{"rendered":"<p><strong><span style=\"color: #000000;\">El Frente Amplio, rechaz\u00f3 la posibilidad de construir un parque tem\u00e1tico e indic\u00f3 que el fujimorismo tiene la intenci\u00f3n de reescribir la historia.<\/span><\/strong><\/p>\n<p><span style=\"color: #000000;\"><strong>Lima, 02 de Julio 2018 (ANDINA).-<\/strong> El fujimorismo y los sectores m\u00e1s conservadores de la sociedad civil y las Fuerzas Armadas tienen la intenci\u00f3n de reescribir la historia del conflicto interno y hacer paralelismo con otros espacios p\u00fablicos que ya existen, sostuvo el Frente Amplio, grupo que rechaz\u00f3 la posibilidad de construir un parque tem\u00e1tico sobre este tema.<\/span><\/p>\n<p><span style=\"color: #000000;\">En ese sentido, refiri\u00f3 que el alcalde de Lima, Luis Casta\u00f1eda Lossio se est\u00e1 sumando a esta campa\u00f1a que busca utilizar la memoria de las v\u00edctimas \u201ccon mezquinos fines pol\u00edticos y electorales\u201d.<\/span><\/p>\n<p><span style=\"color: #000000;\">\u201cEl se\u00f1or alcalde, acostumbrado a despreciar y pisotear el patrimonio monumental de la ciudad, pretende ahora desnaturalizar un espacio tradicional e hist\u00f3rico como es el parque Neptuno, para \u2018reconstruirlo\u2019 como Parque de los H\u00e9roes de la Democracia\u201d, se\u00f1ala en un comunicado.<\/span><\/p>\n<p><span style=\"color: #000000;\">Dijo que el parque Neptuno es una expresi\u00f3n de una \u00e9poca y es donde est\u00e1 ubicado el pabell\u00f3n de la Exposici\u00f3n de Par\u00eds de 1900, convertido ahora en Centro de Estudios Hist\u00f3rico-Militares del Per\u00fa, lugar donde adem\u00e1s se preservan documentos de la independencia y de la Guerra del Pac\u00edfico.<\/span><\/p>\n<p><span style=\"color: #000000;\">\u201cEste mismo espacio alberga al Museo de Arte Italiano, obsequio que realizara la colonia italiana en el Per\u00fa por el primer Centenario de la Rep\u00fablica. El parque Neptuno es un importante lugar que nos remonta al primer espacio p\u00fablico moderno de Lima creado a partir de la demolici\u00f3n de la muralla de la Lima colonial\u201d, indica.<\/span><\/p>\n<p><span style=\"color: #000000;\">Agrega que ocupar este ambiente arquitect\u00f3nico e hist\u00f3rico y querer reconstruirlo como un parque nuevo, sin la opini\u00f3n del Ministerio de Cultura, sin consultar a la Comisi\u00f3n del Bicentenario ni a los patrimonialistas, \u201crevela una vez m\u00e1s los rasgos de una gesti\u00f3n caracterizada por el autoritarismo\u201d.<\/span><\/p>\n<p><span style=\"color: #000000;\">\u201cEvidencia adem\u00e1s un claro favor del alcalde Casta\u00f1eda al fujimorismo y su estrategia de reescribir la historia del conflicto interno desde sus intereses, devolvi\u00e9ndoles el favor de haberlo tratado de manera complaciente en la Comisi\u00f3n Lava Jato a pesar de los claros indicios de graves responsabilidades en el proyecto de la L\u00ednea Amarilla\u201d, a\u00f1ade.<\/span><\/p>\n<p><span style=\"color: #000000;\">Por \u00faltimo, se\u00f1ala no se est\u00e1 proponiendo construir un parque nuevo sino, m\u00e1s bien, destruir un patrimonio cultural, olvid\u00e1ndose que los espacios p\u00fablicos son expresi\u00f3n del servicio al ciudadano.<\/span><\/p>\n<p><span style=\"color: #000000;\">\u201cAqu\u00ed no se est\u00e1 honrando la memoria de las v\u00edctimas de una infausta guerra, estamos ante su burda utilizaci\u00f3n. La bancada del Frente Amplio eleva su voz de protesta y exige respeto a nuestro patrimonio hist\u00f3rico y monumental\u201d, sostiene.<\/span><\/p>\n","protected":false},"excerpt":{"rendered":"<p>El Frente Amplio, rechaz\u00f3 la posibilidad de construir un parque tem\u00e1tico e indic\u00f3 que el fujimorismo tiene la intenci\u00f3n de reescribir la historia. Lima, 02 de Julio 2018 (ANDINA).- El fujimorismo y los sectores m\u00e1s conservadores de la sociedad civil y las Fuerzas Armadas tienen la intenci\u00f3n de reescribir la historia del conflicto interno y [&hellip;]<\/p>\n","protected":false},"author":1,"featured_media":7854,"comment_status":"open","ping_status":"open","sticky":false,"template":"","format":"standard","meta":{"rop_custom_images_group":[],"rop_custom_messages_group":[],"rop_publish_now":"initial","rop_publish_now_accounts":[],"rop_publish_now_history":[],"rop_publish_now_status":"pending","footnotes":""},"categories":[5],"tags":[192,158,295],"class_list":["post-29953","post","type-post","status-publish","format-standard","has-post-thumbnail","hentry","category-actualidad-informativa","tag-congreso","tag-frente-amplio","tag-fuerza-popular"],"_links":{"self":[{"href":"https:\/\/elinformanteperu.com\/index.php\/wp-json\/wp\/v2\/posts\/29953","targetHints":{"allow":["GET"]}}],"collection":[{"href":"https:\/\/elinformanteperu.com\/index.php\/wp-json\/wp\/v2\/posts"}],"about":[{"href":"https:\/\/elinformanteperu.com\/index.php\/wp-json\/wp\/v2\/types\/post"}],"author":[{"embeddable":true,"href":"https:\/\/elinformanteperu.com\/index.php\/wp-json\/wp\/v2\/users\/1"}],"replies":[{"embeddable":true,"href":"https:\/\/elinformanteperu.com\/index.php\/wp-json\/wp\/v2\/comments?post=29953"}],"version-history":[{"count":1,"href":"https:\/\/elinformanteperu.com\/index.php\/wp-json\/wp\/v2\/posts\/29953\/revisions"}],"predecessor-version":[{"id":29955,"href":"https:\/\/elinformanteperu.com\/index.php\/wp-json\/wp\/v2\/posts\/29953\/revisions\/29955"}],"wp:featuredmedia":[{"embeddable":true,"href":"https:\/\/elinformanteperu.com\/index.php\/wp-json\/wp\/v2\/media\/7854"}],"wp:attachment":[{"href":"https:\/\/elinformanteperu.com\/index.php\/wp-json\/wp\/v2\/media?parent=29953"}],"wp:term":[{"taxonomy":"category","embeddable":true,"href":"https:\/\/elinformanteperu.com\/index.php\/wp-json\/wp\/v2\/categories?post=29953"},{"taxonomy":"post_tag","embeddable":true,"href":"https:\/\/elinformanteperu.com\/index.php\/wp-json\/wp\/v2\/tags?post=29953"}],"curies":[{"name":"wp","href":"https:\/\/api.w.org\/{rel}","templated":true}]}}