{"id":29950,"date":"2018-07-02T23:01:26","date_gmt":"2018-07-03T04:01:26","guid":{"rendered":"http:\/\/elinformanteperu.com\/?p=29950"},"modified":"2018-07-02T23:01:26","modified_gmt":"2018-07-03T04:01:26","slug":"idl-esta-semana-se-presenta-recurso-de-convencionalidad-contra-indulto-de-fujimori","status":"publish","type":"post","link":"https:\/\/elinformanteperu.com\/index.php\/2018\/07\/02\/idl-esta-semana-se-presenta-recurso-de-convencionalidad-contra-indulto-de-fujimori\/","title":{"rendered":"IDL: esta semana se presenta recurso de convencionalidad contra indulto de Fujimori"},"content":{"rendered":"<p><strong><span style=\"color: #000000;\">El IDL anunci\u00f3 que esta semana presentar\u00e1n el recurso de convencionalidad ante el vocal de la Corte Suprema que estuvo a cargo de ejecutar la sentencia a Alberto Fujimori.<\/span><\/strong><\/p>\n<p><span style=\"color: #000000;\"><strong>Lima, 02 de Julio 2018 (ANDINA).-<\/strong> El abogado del Instituto de Defensa Legal (IDL), Carlos Rivera, anunci\u00f3 que esta semana presentar\u00e1n el recurso de convencionalidad ante el vocal de la Corte Suprema que estuvo a cargo de ejecutar la sentencia a Alberto Fujimori, con lo cual iniciar\u00e1n el camino para revertir el indulto otorgado al exmandatario.<\/span><\/p>\n<p><span style=\"color: #000000;\">\u201cEsta semana estaremos presentando este recurso de convencionalidad, porque hemos considerado este pedido de control jurisdiccional que se debe hacer sobre el indulto ante el vocal supremo de instrucci\u00f3n que ten\u00eda en sus manos el expediente Fujimori\u201d, se\u00f1al\u00f3.<\/span><\/p>\n<p><span style=\"color: #000000;\">En declaraciones a la Agencia Andina, dijo que como abogado de las v\u00edctimas de los casos de Barrios Altos y La Cantuta, por los que Fujimori fue sentenciado por 25 a\u00f1os, este recurso era una de las v\u00edas, as\u00ed como en un momento tambi\u00e9n se pens\u00f3 en una acci\u00f3n de amparo.<\/span><\/p>\n<p><span style=\"color: #000000;\">Dijo que dicho magistrado era quien estaba controlando y vigilando el cumplimiento de la condena dictaminada contra Alberto Fujimori, hasta el d\u00eda del indulto.<\/span><\/p>\n<p><span style=\"color: #000000;\">\u201cPor lo tanto, consideramos que corresponde pedirle al juez de la Corte Suprema de Justicia que haga un control de convencionalidad \u00bfQu\u00e9 significa eso? Que verifique si el otorgamiento del indulto est\u00e1 de acuerdo al con el contenido de la Convenci\u00f3n Interamericana de Derechos Humanos y con la sentencia de la Corte Interamericana de Derechos Humanos, para los casos de Barrios Altos y La Cantuta\u201d, sostuvo.<\/span><\/p>\n<p><span style=\"color: #000000;\">Asimismo, refiri\u00f3 que dicho vocal supremo debe medir el impacto que tuvo este indulto humanitario, sobre la base de lo que solicita la Corte IDH.<\/span><\/p>\n<p><span style=\"color: #000000;\">\u201cEs decir, si el indulto afecta o no el derecho a la justicia de las v\u00edctimas, si afecta la reparaci\u00f3n o el derecho que se reconoce a las v\u00edctimas en el sentido que esperan a que se cumplan las penas\u201d, agreg\u00f3.<\/span><\/p>\n<p><span style=\"color: #000000;\">Adem\u00e1s, manifest\u00f3 que el an\u00e1lisis tambi\u00e9n debe determinar si el condenado Alberto Fujimori pag\u00f3 la reparaci\u00f3n civil, as\u00ed como si realiz\u00f3 un reconocimiento de los hechos cometidos bajo su mandato.<\/span><\/p>\n<p><span style=\"color: #000000;\">\u201cLa propia Corte IDH establece un est\u00e1ndar para el otorgamiento del indulto en materia de violaci\u00f3n a los derechos humanos, en la resoluci\u00f3n, aun cuando la Corte no lo dice, es que este organismo supranacional es contrario al otorgamiento de indultos en materia de derechos humanos\u201d, precis\u00f3.<\/span><\/p>\n","protected":false},"excerpt":{"rendered":"<p>El IDL anunci\u00f3 que esta semana presentar\u00e1n el recurso de convencionalidad ante el vocal de la Corte Suprema que estuvo a cargo de ejecutar la sentencia a Alberto Fujimori. Lima, 02 de Julio 2018 (ANDINA).- El abogado del Instituto de Defensa Legal (IDL), Carlos Rivera, anunci\u00f3 que esta semana presentar\u00e1n el recurso de convencionalidad ante [&hellip;]<\/p>\n","protected":false},"author":1,"featured_media":20808,"comment_status":"open","ping_status":"open","sticky":false,"template":"","format":"standard","meta":{"rop_custom_images_group":[],"rop_custom_messages_group":[],"rop_publish_now":"initial","rop_publish_now_accounts":[],"rop_publish_now_history":[],"rop_publish_now_status":"pending","footnotes":""},"categories":[5],"tags":[343,1574,3337],"class_list":["post-29950","post","type-post","status-publish","format-standard","has-post-thumbnail","hentry","category-actualidad-informativa","tag-alberto-fujimori","tag-idl","tag-instituto-de-defensa-legal"],"_links":{"self":[{"href":"https:\/\/elinformanteperu.com\/index.php\/wp-json\/wp\/v2\/posts\/29950","targetHints":{"allow":["GET"]}}],"collection":[{"href":"https:\/\/elinformanteperu.com\/index.php\/wp-json\/wp\/v2\/posts"}],"about":[{"href":"https:\/\/elinformanteperu.com\/index.php\/wp-json\/wp\/v2\/types\/post"}],"author":[{"embeddable":true,"href":"https:\/\/elinformanteperu.com\/index.php\/wp-json\/wp\/v2\/users\/1"}],"replies":[{"embeddable":true,"href":"https:\/\/elinformanteperu.com\/index.php\/wp-json\/wp\/v2\/comments?post=29950"}],"version-history":[{"count":1,"href":"https:\/\/elinformanteperu.com\/index.php\/wp-json\/wp\/v2\/posts\/29950\/revisions"}],"predecessor-version":[{"id":29952,"href":"https:\/\/elinformanteperu.com\/index.php\/wp-json\/wp\/v2\/posts\/29950\/revisions\/29952"}],"wp:featuredmedia":[{"embeddable":true,"href":"https:\/\/elinformanteperu.com\/index.php\/wp-json\/wp\/v2\/media\/20808"}],"wp:attachment":[{"href":"https:\/\/elinformanteperu.com\/index.php\/wp-json\/wp\/v2\/media?parent=29950"}],"wp:term":[{"taxonomy":"category","embeddable":true,"href":"https:\/\/elinformanteperu.com\/index.php\/wp-json\/wp\/v2\/categories?post=29950"},{"taxonomy":"post_tag","embeddable":true,"href":"https:\/\/elinformanteperu.com\/index.php\/wp-json\/wp\/v2\/tags?post=29950"}],"curies":[{"name":"wp","href":"https:\/\/api.w.org\/{rel}","templated":true}]}}