{"id":29947,"date":"2018-07-02T22:56:14","date_gmt":"2018-07-03T03:56:14","guid":{"rendered":"http:\/\/elinformanteperu.com\/?p=29947"},"modified":"2018-07-02T22:56:14","modified_gmt":"2018-07-03T03:56:14","slug":"fuerza-popular-esta-intentando-dividir-a-la-oposicion-afirma-violeta","status":"publish","type":"post","link":"https:\/\/elinformanteperu.com\/index.php\/2018\/07\/02\/fuerza-popular-esta-intentando-dividir-a-la-oposicion-afirma-violeta\/","title":{"rendered":"Fuerza Popular est\u00e1 intentando dividir a la oposici\u00f3n, afirma Violeta"},"content":{"rendered":"<p><strong><span style=\"color: #000000;\">El vocero de la bancada de Peruanos por el Kambio (PPK), Gilbert Violeta, afirm\u00f3 que Fuerza Popular est\u00e1 intentando dividir a la oposici\u00f3n.<\/span><\/strong><\/p>\n<p><span style=\"color: #000000;\"><strong>Lima, 02 de Julio 2018 (ANDINA).-<\/strong> El vocero de la bancada de Peruanos por el Kambio (PPK), Gilbert Violeta, afirm\u00f3 que Fuerza Popular est\u00e1 intentando dividir a la oposici\u00f3n al afirmar que hubo negociaciones entre ambas bancadas para presentar una lista conjunta a la Mesa Directiva del Parlamento.<\/span><\/p>\n<p><span style=\"color: #000000;\">\u201cDesde mi punto de vista esto es una estrategia desarrollada por el fujimorismo, una especie de \u2018divide y vencer\u00e1s\u2019, en nuestro caso no hemos tenido ninguna conversaci\u00f3n formal entre nuestra bancada y Fuerza Popular, aunque si algunas desarrolladas de manera informal\u201d, indic\u00f3 a RPP.<\/span><\/p>\n<p><span style=\"color: #000000;\">Por el contrario, indic\u00f3 que Peruanos por el Kambio est\u00e1 esforz\u00e1ndose para apoyar una lista multipartidaria alternativa al fujimorismo.<\/span><\/p>\n<p><span style=\"color: #000000;\">Precis\u00f3 que a\u00fan no existe un acuerdo con los dem\u00e1s grupos parlamentarios, respecto al candidato a la Mesa Directiva, pero que hay tiempo hasta mediados de este mes.<\/span><\/p>\n<p><span style=\"color: #000000;\">\u201cLo que si debe ocurrir, es que debemos establecer la agenda que debe tener esta presidencia bajo la oposici\u00f3n, que debe centrarse en establecer algunas reformas, como la electoral, y transparentar la gesti\u00f3n del Parlamento\u201d, asegur\u00f3.<\/span><\/p>\n<p><span style=\"color: #000000;\">El parlamentario agreg\u00f3 que Fuerza Popular est\u00e1 a cuatro votos de lograr la Presidencia del Congreso, por lo que est\u00e1n en esa tarea de \u201cjalarse algunos votantes\u201d de la oposici\u00f3n.<\/span><\/p>\n","protected":false},"excerpt":{"rendered":"<p>El vocero de la bancada de Peruanos por el Kambio (PPK), Gilbert Violeta, afirm\u00f3 que Fuerza Popular est\u00e1 intentando dividir a la oposici\u00f3n. Lima, 02 de Julio 2018 (ANDINA).- El vocero de la bancada de Peruanos por el Kambio (PPK), Gilbert Violeta, afirm\u00f3 que Fuerza Popular est\u00e1 intentando dividir a la oposici\u00f3n al afirmar que [&hellip;]<\/p>\n","protected":false},"author":1,"featured_media":23947,"comment_status":"open","ping_status":"open","sticky":false,"template":"","format":"standard","meta":{"rop_custom_images_group":[],"rop_custom_messages_group":[],"rop_publish_now":"initial","rop_publish_now_accounts":[],"rop_publish_now_history":[],"rop_publish_now_status":"pending","footnotes":""},"categories":[5],"tags":[847,165,73],"class_list":["post-29947","post","type-post","status-publish","format-standard","has-post-thumbnail","hentry","category-actualidad-informativa","tag-gilbert-violeta","tag-peruanos-por-el-kambio","tag-ppk"],"_links":{"self":[{"href":"https:\/\/elinformanteperu.com\/index.php\/wp-json\/wp\/v2\/posts\/29947","targetHints":{"allow":["GET"]}}],"collection":[{"href":"https:\/\/elinformanteperu.com\/index.php\/wp-json\/wp\/v2\/posts"}],"about":[{"href":"https:\/\/elinformanteperu.com\/index.php\/wp-json\/wp\/v2\/types\/post"}],"author":[{"embeddable":true,"href":"https:\/\/elinformanteperu.com\/index.php\/wp-json\/wp\/v2\/users\/1"}],"replies":[{"embeddable":true,"href":"https:\/\/elinformanteperu.com\/index.php\/wp-json\/wp\/v2\/comments?post=29947"}],"version-history":[{"count":1,"href":"https:\/\/elinformanteperu.com\/index.php\/wp-json\/wp\/v2\/posts\/29947\/revisions"}],"predecessor-version":[{"id":29949,"href":"https:\/\/elinformanteperu.com\/index.php\/wp-json\/wp\/v2\/posts\/29947\/revisions\/29949"}],"wp:featuredmedia":[{"embeddable":true,"href":"https:\/\/elinformanteperu.com\/index.php\/wp-json\/wp\/v2\/media\/23947"}],"wp:attachment":[{"href":"https:\/\/elinformanteperu.com\/index.php\/wp-json\/wp\/v2\/media?parent=29947"}],"wp:term":[{"taxonomy":"category","embeddable":true,"href":"https:\/\/elinformanteperu.com\/index.php\/wp-json\/wp\/v2\/categories?post=29947"},{"taxonomy":"post_tag","embeddable":true,"href":"https:\/\/elinformanteperu.com\/index.php\/wp-json\/wp\/v2\/tags?post=29947"}],"curies":[{"name":"wp","href":"https:\/\/api.w.org\/{rel}","templated":true}]}}