{"id":29943,"date":"2018-07-02T22:53:17","date_gmt":"2018-07-03T03:53:17","guid":{"rendered":"http:\/\/elinformanteperu.com\/?p=29943"},"modified":"2018-07-02T22:53:17","modified_gmt":"2018-07-03T03:53:17","slug":"mimp-no-descansaremos-hasta-conseguir-cadena-perpetua-para-agresor-de-juanita","status":"publish","type":"post","link":"https:\/\/elinformanteperu.com\/index.php\/2018\/07\/02\/mimp-no-descansaremos-hasta-conseguir-cadena-perpetua-para-agresor-de-juanita\/","title":{"rendered":"MIMP: no descansaremos hasta conseguir cadena perpetua para agresor de Juanita"},"content":{"rendered":"<p><strong><span style=\"color: #000000;\">La ministra de la Mujer afirm\u00f3 que los abogados del ministerio no descansar\u00e1n hasta conseguir cadena perpetua para el sujeto que quem\u00f3 a Juanita Mendoza.<\/span><\/strong><\/p>\n<p><span style=\"color: #000000;\"><strong>Lima, 02 de Julio 2018 (ANDINA).-<\/strong> La ministra de la Mujer, Ana Mar\u00eda Mendieta, afirm\u00f3 que los abogados del ministerio no descansar\u00e1n hasta conseguir cadena perpetua para el sujeto que quem\u00f3 con combustible a Juanita Mendoza en Cajamarca.<\/span><\/p>\n<p><span style=\"color: #000000;\">Tras reunirse con Luis Bromley, director general del hospital Guillermo Almenara de EsSalud, donde la v\u00edctima est\u00e1 internada, Mendieta se\u00f1al\u00f3 que Esneider Estela Terrones (22), el agresor y excu\u00f1ado de Juanita, debe ser condenado por tentativa de feminicidio agravada.<\/span><\/p>\n<p><span style=\"color: #000000;\">La funcionaria garantiz\u00f3 que el MIMP continuar\u00e1 brindando el apoyo a los familiares Mendoza, quien tiene esposo e hijos, uno de los cuales tambi\u00e9n presenta quemaduras de primer grado al haber sido afectado por el fuego.<\/span><\/p>\n<p><span style=\"color: #000000;\">La titular del ministerio dijo que el mensaje a toda la ciudadan\u00eda debe ser de rechazo a los actos de violencia f\u00edsica y psicol\u00f3gica contra la mujer.<\/span><\/p>\n<p><span style=\"color: #000000;\">\u00abTodas y todos, las instituciones p\u00fablicas y privadas, todos tenemos que trabajar para rechazar estas agresiones. Desde el gobierno existe el compromiso desde el m\u00e1s alto nivel, el presidente, el premier, los ministros y ministras, para trabajar fuerte en erradicar esta problem\u00e1tica\u00bb, refiri\u00f3.<\/span><\/p>\n<p><span style=\"color: #000000;\">La agresi\u00f3n contra Juanita Mendoza ocurri\u00f3 el \u00faltimo 29 de junio en horas de la noche a la altura de la cuadra 1 del jir\u00f3n Cinco Amigos, donde la v\u00edctima vend\u00eda salchipapa y fue rociada con combustible, lo cual le gener\u00f3 quemaduras de gravedad.<\/span><\/p>\n<p><span style=\"color: #000000;\">Liliana Mendoza, expareja de Esneider y hermana de Juanita, cont\u00f3 hoy que en marzo de este a\u00f1o termin\u00f3 su relaci\u00f3n sentimental por los continuos maltratos y amenazas que recib\u00eda de parte de \u00e9l.<\/span><\/p>\n<p><span style=\"color: #000000;\">En los siguientes meses, Esneider este trat\u00f3 de regresar con ella, aunque sin \u00e9xito. Ante ello, plane\u00f3 un ataque contra su hermana Juanita, aparentemente en venganza porque \u00e9sta le interpuso una denuncia policial por los constantes ataques a Liliana.<\/span><\/p>\n<p><span style=\"color: #000000;\">El caso es similar al que le toc\u00f3 vivir a Eyvi Agreda, la joven a quien Carlos Hualpa Vacas le arroj\u00f3 combustible y le prendi\u00f3 fuego bajo el argumento de que no fue correspondido sentimentalmente.<\/span><\/p>\n<p><span style=\"color: #000000;\">La joven estuvo recibiendo atenci\u00f3n m\u00e9dica especializada em EsSalud durante 38 d\u00edas y tambi\u00e9n fue sometida a varias intervenciones quir\u00fargicas en el Servicio de Cirug\u00eda Pl\u00e1stica y Quemados, pero no resisti\u00f3 a un &#8216;shock&#8217; s\u00e9ptico\u00bb y falleci\u00f3.<\/span><\/p>\n<p><span style=\"color: #000000;\">Por su parte, Luis Bromley inform\u00f3 que Mendoza fue sometida a una segunda operaci\u00f3n para retirarle partes m\u00ednimas de piel quemada y colocar su lugar piel de cerdo. Reiter\u00f3 que se mantiene con respiraci\u00f3n artificial y que su situaci\u00f3n de salud es cr\u00edtica.<\/span><\/p>\n","protected":false},"excerpt":{"rendered":"<p>La ministra de la Mujer afirm\u00f3 que los abogados del ministerio no descansar\u00e1n hasta conseguir cadena perpetua para el sujeto que quem\u00f3 a Juanita Mendoza. Lima, 02 de Julio 2018 (ANDINA).- La ministra de la Mujer, Ana Mar\u00eda Mendieta, afirm\u00f3 que los abogados del ministerio no descansar\u00e1n hasta conseguir cadena perpetua para el sujeto que [&hellip;]<\/p>\n","protected":false},"author":1,"featured_media":29945,"comment_status":"open","ping_status":"open","sticky":false,"template":"","format":"standard","meta":{"rop_custom_images_group":[],"rop_custom_messages_group":[],"rop_publish_now":"initial","rop_publish_now_accounts":[],"rop_publish_now_history":[],"rop_publish_now_status":"pending","footnotes":""},"categories":[10],"tags":[3331,3052,310,3332,312],"class_list":["post-29943","post","type-post","status-publish","format-standard","has-post-thumbnail","hentry","category-actualidad-municipal","tag-ana-maria-mendieta","tag-eyvi-liset-agreda-marchena","tag-feminicidios","tag-juana-mendoza-alva","tag-ministerio-de-la-mujer"],"_links":{"self":[{"href":"https:\/\/elinformanteperu.com\/index.php\/wp-json\/wp\/v2\/posts\/29943","targetHints":{"allow":["GET"]}}],"collection":[{"href":"https:\/\/elinformanteperu.com\/index.php\/wp-json\/wp\/v2\/posts"}],"about":[{"href":"https:\/\/elinformanteperu.com\/index.php\/wp-json\/wp\/v2\/types\/post"}],"author":[{"embeddable":true,"href":"https:\/\/elinformanteperu.com\/index.php\/wp-json\/wp\/v2\/users\/1"}],"replies":[{"embeddable":true,"href":"https:\/\/elinformanteperu.com\/index.php\/wp-json\/wp\/v2\/comments?post=29943"}],"version-history":[{"count":1,"href":"https:\/\/elinformanteperu.com\/index.php\/wp-json\/wp\/v2\/posts\/29943\/revisions"}],"predecessor-version":[{"id":29946,"href":"https:\/\/elinformanteperu.com\/index.php\/wp-json\/wp\/v2\/posts\/29943\/revisions\/29946"}],"wp:featuredmedia":[{"embeddable":true,"href":"https:\/\/elinformanteperu.com\/index.php\/wp-json\/wp\/v2\/media\/29945"}],"wp:attachment":[{"href":"https:\/\/elinformanteperu.com\/index.php\/wp-json\/wp\/v2\/media?parent=29943"}],"wp:term":[{"taxonomy":"category","embeddable":true,"href":"https:\/\/elinformanteperu.com\/index.php\/wp-json\/wp\/v2\/categories?post=29943"},{"taxonomy":"post_tag","embeddable":true,"href":"https:\/\/elinformanteperu.com\/index.php\/wp-json\/wp\/v2\/tags?post=29943"}],"curies":[{"name":"wp","href":"https:\/\/api.w.org\/{rel}","templated":true}]}}