{"id":29756,"date":"2018-06-29T01:44:24","date_gmt":"2018-06-29T06:44:24","guid":{"rendered":"http:\/\/elinformanteperu.com\/?p=29756"},"modified":"2018-06-29T01:44:24","modified_gmt":"2018-06-29T06:44:24","slug":"mef-rechaza-corrupcion-y-ratifica-compromiso-de-velar-por-uso-correcto-de-recursos","status":"publish","type":"post","link":"https:\/\/elinformanteperu.com\/index.php\/2018\/06\/29\/mef-rechaza-corrupcion-y-ratifica-compromiso-de-velar-por-uso-correcto-de-recursos\/","title":{"rendered":"MEF rechaza corrupci\u00f3n y ratifica compromiso de velar por uso correcto de recursos"},"content":{"rendered":"<p><strong><span style=\"color: #000000;\">El Ministerio de Econom\u00eda manifest\u00f3 su rechazo por todo acto de corrupci\u00f3n y ratific\u00f3 su compromiso de continuar velando por el uso correcto de los recursos p\u00fablicos.<\/span><\/strong><\/p>\n<p><span style=\"color: #000000;\"><strong>Lima, 28 de Junio, (ANDINA).-<\/strong> El Ministerio de Econom\u00eda y Finanzas (MEF) manifest\u00f3 su rechazo por todo acto de corrupci\u00f3n y ratific\u00f3 su compromiso de continuar velando por el uso correcto y eficiente de los recursos p\u00fablicos.<\/span><\/p>\n<p><span style=\"color: #000000;\">Ello luego de la denuncia presentada por el alcalde de San Juan Bautista, en Ayacucho, Mardonio Guill\u00e9n Cancho, contra un grupo de funcionarios que le exig\u00edan dinero a cambio impulsar un proyecto para su localidad.<\/span><\/p>\n<p><span style=\"color: #000000;\">\u201cSeguiremos trabajando por un mejor Estado, en beneficio de toda la poblaci\u00f3n y el pa\u00eds\u201d, enfatiz\u00f3 el MEF a trav\u00e9s de un comunicado.<\/span><\/p>\n<p><span style=\"color: #000000;\">En relaci\u00f3n a la denuncia inform\u00f3 que con fecha 19 de junio de 2018, el MEF solicit\u00f3 al \u00d3rgano de Control Interno que realice las investigaciones del caso, y a trav\u00e9s de la Procuradur\u00eda formul\u00f3 denuncia ante la Fiscal\u00eda contra los funcionarios que resulten responsables.<\/span><\/p>\n<p><span style=\"color: #000000;\">\u201cEl Ministerio de Econom\u00eda y Finanzas solicit\u00f3 estas investigaciones inmediatamente luego de recibir la denuncia, de acuerdo a la normativa vigente\u201d, asever\u00f3.<\/span><\/p>\n","protected":false},"excerpt":{"rendered":"<p>El Ministerio de Econom\u00eda manifest\u00f3 su rechazo por todo acto de corrupci\u00f3n y ratific\u00f3 su compromiso de continuar velando por el uso correcto de los recursos p\u00fablicos. Lima, 28 de Junio, (ANDINA).- El Ministerio de Econom\u00eda y Finanzas (MEF) manifest\u00f3 su rechazo por todo acto de corrupci\u00f3n y ratific\u00f3 su compromiso de continuar velando por [&hellip;]<\/p>\n","protected":false},"author":1,"featured_media":25979,"comment_status":"open","ping_status":"open","sticky":false,"template":"","format":"standard","meta":{"rop_custom_images_group":[],"rop_custom_messages_group":[],"rop_publish_now":"initial","rop_publish_now_accounts":[],"rop_publish_now_history":[],"rop_publish_now_status":"pending","footnotes":""},"categories":[5],"tags":[314],"class_list":["post-29756","post","type-post","status-publish","format-standard","has-post-thumbnail","hentry","category-actualidad-informativa","tag-ministerio-de-economia-y-finanzas"],"_links":{"self":[{"href":"https:\/\/elinformanteperu.com\/index.php\/wp-json\/wp\/v2\/posts\/29756","targetHints":{"allow":["GET"]}}],"collection":[{"href":"https:\/\/elinformanteperu.com\/index.php\/wp-json\/wp\/v2\/posts"}],"about":[{"href":"https:\/\/elinformanteperu.com\/index.php\/wp-json\/wp\/v2\/types\/post"}],"author":[{"embeddable":true,"href":"https:\/\/elinformanteperu.com\/index.php\/wp-json\/wp\/v2\/users\/1"}],"replies":[{"embeddable":true,"href":"https:\/\/elinformanteperu.com\/index.php\/wp-json\/wp\/v2\/comments?post=29756"}],"version-history":[{"count":1,"href":"https:\/\/elinformanteperu.com\/index.php\/wp-json\/wp\/v2\/posts\/29756\/revisions"}],"predecessor-version":[{"id":29758,"href":"https:\/\/elinformanteperu.com\/index.php\/wp-json\/wp\/v2\/posts\/29756\/revisions\/29758"}],"wp:featuredmedia":[{"embeddable":true,"href":"https:\/\/elinformanteperu.com\/index.php\/wp-json\/wp\/v2\/media\/25979"}],"wp:attachment":[{"href":"https:\/\/elinformanteperu.com\/index.php\/wp-json\/wp\/v2\/media?parent=29756"}],"wp:term":[{"taxonomy":"category","embeddable":true,"href":"https:\/\/elinformanteperu.com\/index.php\/wp-json\/wp\/v2\/categories?post=29756"},{"taxonomy":"post_tag","embeddable":true,"href":"https:\/\/elinformanteperu.com\/index.php\/wp-json\/wp\/v2\/tags?post=29756"}],"curies":[{"name":"wp","href":"https:\/\/api.w.org\/{rel}","templated":true}]}}