{"id":29749,"date":"2018-06-29T01:37:42","date_gmt":"2018-06-29T06:37:42","guid":{"rendered":"http:\/\/elinformanteperu.com\/?p=29749"},"modified":"2018-06-29T01:37:42","modified_gmt":"2018-06-29T06:37:42","slug":"usuarios-de-internet-de-banda-ancha-recibiran-4-megabites-de-velocidad-como-minimo","status":"publish","type":"post","link":"https:\/\/elinformanteperu.com\/index.php\/2018\/06\/29\/usuarios-de-internet-de-banda-ancha-recibiran-4-megabites-de-velocidad-como-minimo\/","title":{"rendered":"Usuarios de Internet de banda ancha recibir\u00e1n 4 megabites de velocidad como m\u00ednimo"},"content":{"rendered":"<p><strong><span style=\"color: #000000;\">El Ministerio de Transportes y Comunicaciones estableci\u00f3 los valores para que una conexi\u00f3n pueda ser denominada como \u201cInternet de Banda Ancha\u201d.<\/span><\/strong><\/p>\n<p><span style=\"color: #000000;\"><strong>Lima, 28 de Junio, (ANDINA).-<\/strong> El Ministerio de Transportes y Comunicaciones (MTC) estableci\u00f3 los valores para que una conexi\u00f3n pueda ser denominada como \u201cInternet de Banda Ancha\u201d, para lo cual debe alcanzar los 4 megabites para la descarga y 1 megabite para la carga, como velocidad m\u00ednima efectiva, tanto para el servicio de internet fijo y m\u00f3vil.<\/span><\/p>\n<p><span style=\"color: #000000;\">Mediante Resoluci\u00f3n Ministerial N\u00b0 482-2018 MTC\/01.03, publicada hoy en el Diario Oficial El Peruano, se otorga un plazo de 180 d\u00edas calendario para la adecuaci\u00f3n de las ofertas comerciales por parte de las empresas. Ello permitir\u00e1 la adecuaci\u00f3n de las estad\u00edsticas de banda ancha (actualmente el criterio de banda ancha es de 256 kbps).<\/span><\/p>\n<p><span style=\"color: #000000;\">La banda ancha es el t\u00e9rmino que engloba a la conectividad de transmisi\u00f3n de datos -principalmente a Internet&#8211;, en forma permanente y de alta velocidad, que le permite al usuario estar siempre en l\u00ednea, a velocidades apropiadas para el acceso y utilizaci\u00f3n de diversos servicios y aplicaciones ya sean de voz, datos y contenidos audiovisuales.<\/span><\/p>\n<p><span style=\"color: #000000;\">El MTC, como ente rector de la pol\u00edtica nacional de banda ancha, tiene de acuerdo a la Ley N\u00b0 29904 la facultad de determinar y actualizar peri\u00f3dicamente la velocidad m\u00ednima para que una conexi\u00f3n sea considerada verdaderamente como acceso a Internet de Banda Ancha.<\/span><\/p>\n<p><span style=\"color: #000000;\">Estos indicadores se fijaron considerando la evoluci\u00f3n tecnol\u00f3gica y de mercado y, en concordancia con pr\u00e1cticas internacionales. Los valores peruanos est\u00e1n por encima de los que se aplican en Ecuador y Colombia y son similares a los establecidos en M\u00e9xico.<\/span><\/p>\n<p><strong><span style=\"color: #000000;\">Operadoras<\/span><\/strong><\/p>\n<p><span style=\"color: #000000;\">A partir de la entrada en vigencia de la mencionada norma, las empresas operadoras solamente podr\u00e1n comercializar como servicios de Internet de Banda Ancha, aquellos que cumplan con las velocidades m\u00ednimas establecidas por el MTC.<\/span><\/p>\n<p><span style=\"color: #000000;\">Si una empresa operadora ofrece una velocidad menor tendr\u00e1 que escoger cualquier otra denominaci\u00f3n menos \u201cbanda ancha\u201d ya que ello generar\u00eda una grave distorsi\u00f3n al momento que los consumidores hagan sus decisiones de consumo.<\/span><\/p>\n<p><span style=\"color: #000000;\">Este dispositivo se enmarca dentro de las acciones que realiza el MTC en forma permanente para promover la banda ancha como acelerador del desarrollo de las tecnolog\u00edas de la informaci\u00f3n y la comunicaci\u00f3n (TIC).<\/span><\/p>\n<p><span style=\"color: #000000;\">As\u00ed pues, tanto las Naciones Unidas como la Organizaci\u00f3n para la Cooperaci\u00f3n y el Desarrollo Econ\u00f3mico (OCDE), han reconocido la extraordinaria importancia del acceso universal y asequible a Internet como una de las metas de los Objetivos de Desarrollo Sostenible (ODS).<\/span><\/p>\n<p><strong><span style=\"color: #000000;\">Inclusi\u00f3n digital<\/span><\/strong><\/p>\n<p><span style=\"color: #000000;\">La viceministra de Comunicaciones, Virginia Nakagawa, indic\u00f3 que esta normativa \u201cse enmarca dentro de las pr\u00e1cticas internacionales regulatorias, y era un tema pendiente a favor de los consumidores, lo que aunado a los esfuerzos que se realizan de cara a la mayor penetraci\u00f3n de la banda ancha, debe llevarnos a mejorar la inclusi\u00f3n digital en todo el pa\u00eds\u201d.<\/span><\/p>\n<p><span style=\"color: #000000;\">La supervisi\u00f3n y fiscalizaci\u00f3n de la informaci\u00f3n que las operadoras brinden a los usuarios respecto de la velocidad de acceso a internet de banda ancha, de cada producto que oferten, se encuentra a cargo del Organismo Supervisor de Inversi\u00f3n Privada en Telecomunicaciones (Osiptel), el cual est\u00e1 facultado para imponer sanciones si incumplen la norma.<\/span><\/p>\n<p><span style=\"color: #000000;\">Dicha conducta est\u00e1 calificada como una infracci\u00f3n grave que puede ser sancionada entre 51 Unidades Impositivas Tributarias (UIT) y 150 UIT, pero podr\u00edan incrementarse de verificarse conductas reiterativas en perjuicio de los consumidores.<\/span><\/p>\n","protected":false},"excerpt":{"rendered":"<p>El Ministerio de Transportes y Comunicaciones estableci\u00f3 los valores para que una conexi\u00f3n pueda ser denominada como \u201cInternet de Banda Ancha\u201d. Lima, 28 de Junio, (ANDINA).- El Ministerio de Transportes y Comunicaciones (MTC) estableci\u00f3 los valores para que una conexi\u00f3n pueda ser denominada como \u201cInternet de Banda Ancha\u201d, para lo cual debe alcanzar los 4 [&hellip;]<\/p>\n","protected":false},"author":1,"featured_media":18750,"comment_status":"open","ping_status":"open","sticky":false,"template":"","format":"standard","meta":{"rop_custom_images_group":[],"rop_custom_messages_group":[],"rop_publish_now":"initial","rop_publish_now_accounts":[],"rop_publish_now_history":[],"rop_publish_now_status":"pending","footnotes":""},"categories":[5],"tags":[318],"class_list":["post-29749","post","type-post","status-publish","format-standard","has-post-thumbnail","hentry","category-actualidad-informativa","tag-ministerio-de-transportes-y-comunicaciones"],"_links":{"self":[{"href":"https:\/\/elinformanteperu.com\/index.php\/wp-json\/wp\/v2\/posts\/29749","targetHints":{"allow":["GET"]}}],"collection":[{"href":"https:\/\/elinformanteperu.com\/index.php\/wp-json\/wp\/v2\/posts"}],"about":[{"href":"https:\/\/elinformanteperu.com\/index.php\/wp-json\/wp\/v2\/types\/post"}],"author":[{"embeddable":true,"href":"https:\/\/elinformanteperu.com\/index.php\/wp-json\/wp\/v2\/users\/1"}],"replies":[{"embeddable":true,"href":"https:\/\/elinformanteperu.com\/index.php\/wp-json\/wp\/v2\/comments?post=29749"}],"version-history":[{"count":1,"href":"https:\/\/elinformanteperu.com\/index.php\/wp-json\/wp\/v2\/posts\/29749\/revisions"}],"predecessor-version":[{"id":29751,"href":"https:\/\/elinformanteperu.com\/index.php\/wp-json\/wp\/v2\/posts\/29749\/revisions\/29751"}],"wp:featuredmedia":[{"embeddable":true,"href":"https:\/\/elinformanteperu.com\/index.php\/wp-json\/wp\/v2\/media\/18750"}],"wp:attachment":[{"href":"https:\/\/elinformanteperu.com\/index.php\/wp-json\/wp\/v2\/media?parent=29749"}],"wp:term":[{"taxonomy":"category","embeddable":true,"href":"https:\/\/elinformanteperu.com\/index.php\/wp-json\/wp\/v2\/categories?post=29749"},{"taxonomy":"post_tag","embeddable":true,"href":"https:\/\/elinformanteperu.com\/index.php\/wp-json\/wp\/v2\/tags?post=29749"}],"curies":[{"name":"wp","href":"https:\/\/api.w.org\/{rel}","templated":true}]}}