{"id":2940,"date":"2016-12-20T00:55:30","date_gmt":"2016-12-20T05:55:30","guid":{"rendered":"http:\/\/elinformanteperu.com\/?p=2940"},"modified":"2016-12-20T00:55:30","modified_gmt":"2016-12-20T05:55:30","slug":"mariano-soso-renuncio-a-sporting-cristal-despues-de-ser-campeon","status":"publish","type":"post","link":"https:\/\/elinformanteperu.com\/index.php\/2016\/12\/20\/mariano-soso-renuncio-a-sporting-cristal-despues-de-ser-campeon\/","title":{"rendered":"Mariano Soso renunci\u00f3 a Sporting Cristal despu\u00e9s de ser campe\u00f3n"},"content":{"rendered":"<p><strong>El entrenador argentino de 35 a\u00f1os Mariano Soso anunci\u00f3 en conferencia de prensa su renuncia a la direcci\u00f3n t\u00e9cnica del Sporting Cristal por \u00abun desgaste irreversible\u00bb.<\/strong><\/p>\n<p><strong>Lima, 19 Diciembre 2016, (ANDINA).-<\/strong> El entrenador argentino de 35 a\u00f1os Mariano Soso anunci\u00f3 en conferencia de prensa su renuncia a la direcci\u00f3n t\u00e9cnica del Sporting Cristal por \u00abun desgaste irreversible\u00bb que le impedir\u00eda cumplir los objetivos a corto y mediano plazo\u00bb.<\/p>\n<p>Un d\u00eda despu\u00e9s de conseguir el t\u00edtulo nacional, Mariano Soso decidi\u00f3 renunciar a su cargo de director t\u00e9cnico en Sporting Cristal porque considera que \u00abhubo un desgaste irreversible en funci\u00f3n a las exigencias que asoman a corto y mediano plazo\u00bb.<\/p>\n<p>\u00abNo dispongo la energ\u00eda que me demanda mi trabajo y continuar ser\u00eda una acci\u00f3n egoista de mi parte\u00bb, explic\u00f3 el exentrenador de Cristal.<\/p>\n<p>Mariano Soso lleg\u00f3 como asistente de Claudio Vivas en 2013 y contin\u00fao en el mismo puesto en 2014 con Daniel Ahmed. En 2015 fue entrenador de Real Garcilaso y esta temporada asumi\u00f3 el primer equipo de Sporting Cristal.<\/p>\n<p>Al final de la conferencia, Mariano Soso agradeci\u00f3 al Per\u00fa por haberlo acogido y ayudado a enrumbar su carrera.<\/p>\n<p>Sobre el t\u00edtulo nacional, Soso se\u00f1al\u00f3 estar \u00abfeliz por haber acompa\u00f1ado a Cristal a alcanzar este prop\u00f3sito. Supe amar estos colores\u00bb.<\/p>\n","protected":false},"excerpt":{"rendered":"<p>El entrenador argentino de 35 a\u00f1os Mariano Soso anunci\u00f3 en conferencia de prensa su renuncia a la direcci\u00f3n t\u00e9cnica del Sporting Cristal por \u00abun desgaste irreversible\u00bb. Lima, 19 Diciembre 2016, (ANDINA).- El entrenador argentino de 35 a\u00f1os Mariano Soso anunci\u00f3 en conferencia de prensa su renuncia a la direcci\u00f3n t\u00e9cnica del Sporting Cristal por \u00abun [&hellip;]<\/p>\n","protected":false},"author":1,"featured_media":2941,"comment_status":"open","ping_status":"open","sticky":false,"template":"","format":"standard","meta":{"rop_custom_images_group":[],"rop_custom_messages_group":[],"rop_publish_now":"initial","rop_publish_now_accounts":[],"rop_publish_now_history":[],"rop_publish_now_status":"pending","footnotes":""},"categories":[8],"tags":[587,200],"class_list":["post-2940","post","type-post","status-publish","format-standard","has-post-thumbnail","hentry","category-disciplinas-deportivas","tag-mariano-soso","tag-sporting-cristal"],"_links":{"self":[{"href":"https:\/\/elinformanteperu.com\/index.php\/wp-json\/wp\/v2\/posts\/2940","targetHints":{"allow":["GET"]}}],"collection":[{"href":"https:\/\/elinformanteperu.com\/index.php\/wp-json\/wp\/v2\/posts"}],"about":[{"href":"https:\/\/elinformanteperu.com\/index.php\/wp-json\/wp\/v2\/types\/post"}],"author":[{"embeddable":true,"href":"https:\/\/elinformanteperu.com\/index.php\/wp-json\/wp\/v2\/users\/1"}],"replies":[{"embeddable":true,"href":"https:\/\/elinformanteperu.com\/index.php\/wp-json\/wp\/v2\/comments?post=2940"}],"version-history":[{"count":1,"href":"https:\/\/elinformanteperu.com\/index.php\/wp-json\/wp\/v2\/posts\/2940\/revisions"}],"predecessor-version":[{"id":2942,"href":"https:\/\/elinformanteperu.com\/index.php\/wp-json\/wp\/v2\/posts\/2940\/revisions\/2942"}],"wp:featuredmedia":[{"embeddable":true,"href":"https:\/\/elinformanteperu.com\/index.php\/wp-json\/wp\/v2\/media\/2941"}],"wp:attachment":[{"href":"https:\/\/elinformanteperu.com\/index.php\/wp-json\/wp\/v2\/media?parent=2940"}],"wp:term":[{"taxonomy":"category","embeddable":true,"href":"https:\/\/elinformanteperu.com\/index.php\/wp-json\/wp\/v2\/categories?post=2940"},{"taxonomy":"post_tag","embeddable":true,"href":"https:\/\/elinformanteperu.com\/index.php\/wp-json\/wp\/v2\/tags?post=2940"}],"curies":[{"name":"wp","href":"https:\/\/api.w.org\/{rel}","templated":true}]}}