{"id":29399,"date":"2018-06-25T22:49:15","date_gmt":"2018-06-26T03:49:15","guid":{"rendered":"http:\/\/elinformanteperu.com\/?p=29399"},"modified":"2018-06-25T22:49:15","modified_gmt":"2018-06-26T03:49:15","slug":"ministro-del-interior-anuncia-compra-de-aeronaves-para-combatir-narcotrafico","status":"publish","type":"post","link":"https:\/\/elinformanteperu.com\/index.php\/2018\/06\/25\/ministro-del-interior-anuncia-compra-de-aeronaves-para-combatir-narcotrafico\/","title":{"rendered":"Ministro del Interior anuncia compra de aeronaves para combatir narcotr\u00e1fico"},"content":{"rendered":"<p><strong><span style=\"color: #000000;\">El ministro del Interior, Mauro Medina, anunci\u00f3 que el combate del narcotr\u00e1fico en el pa\u00eds ser\u00e1 reforzado con la adquisici\u00f3n de aeronaves.<\/span><\/strong><\/p>\n<p><span style=\"color: #000000;\"><strong>Lima, 25 de Junio, (ANDINA).-<\/strong> El ministro del Interior, Mauro Medina, anunci\u00f3 que el combate del narcotr\u00e1fico en el pa\u00eds ser\u00e1 reforzado con la adquisici\u00f3n de aeronaves a fin de generar operaciones sorpresas que reduzcan este delito, contra el que el Per\u00fa, destac\u00f3, est\u00e1 obtenido resultados importantes.<\/span><\/p>\n<p><span style=\"color: #000000;\">\u201cEl sector estar haciendo esfuerzos notables para adquirir aeronaves, tanto aviones como helic\u00f3pteros para que, en un lapso de a\u00f1o y medio a dos a\u00f1os, esta dependencia de lucha contra las drogas cuente con las herramientas adecuadas para combatir eficazmente (este delito) con iniciativa, ampliando el beneficio de sorpresa\u201d.<\/span><\/p>\n<p><span style=\"color: #000000;\">Durante la ceremonia por el 27 aniversario de la Direcci\u00f3n Antidrogas (Dirandro), Medina destac\u00f3 el trabajo realizado por esta unidad de la Polic\u00eda Nacional del Per\u00fa, indicando que va en camino a romper un r\u00e9cord en el decomiso de clorhidrato de coca\u00edna, as\u00ed como de sustancias qu\u00edmicas para su ilegal elaboraci\u00f3n.<\/span><\/p>\n<p><span style=\"color: #000000;\">\u201cDurante este a\u00f1o, esta gesti\u00f3n, tiene m\u00e1s de 27 toneladas de droga incautadas a la fecha; asimismo, 14 mil hect\u00e1reas de cultivos de hoja de coca il\u00edcitos erradicados\u201d.<\/span><\/p>\n<p><span style=\"color: #000000;\">Coment\u00f3 que ayer se decomisaron 193 kilos de droga en el VRAEM (Valle del R\u00edo Apur\u00edmac, Ene, Mantaro), as\u00ed como 3,000 kilos de insumos. Destac\u00f3 el trabajo de esta dependencia al privilegiar la inteligencia como un arma para lograr el \u00e9xito en las operaciones.<\/span><\/p>\n<p><span style=\"color: #000000;\">\u00abLa alta profesionalidad de los polic\u00edas permite combatir eficazmente el delito, que causa mucha alarma entre los ciudadanos del mundo, esto con la ayuda de pa\u00edses que alientan el trabajo realizado por Per\u00fa\u201d.<\/span><\/p>\n<p><span style=\"color: #000000;\">El ministro adelant\u00f3 que pr\u00f3ximamente estar\u00e1 en funcionamiento el sistema de interceptaci\u00f3n legal, conocido como Pisco, que permitir\u00e1, bajo supervisi\u00f3n del Poder judicial y el Ministerio P\u00fablico, fortalecer el trabajo articulado para combatir eficazmente las bandas criminales, no solo en el \u00e1mbito antidrogas, sino tambi\u00e9n de lucha contra el terrorismo y el crimen organizado.<\/span><\/p>\n<p><span style=\"color: #000000;\">\u201cNo solo tenemos recursos humanos preparados eficazmente, queremos contar tambi\u00e9n con el apoyo log\u00edstico, econ\u00f3mico y financiero para que ellos puedan cumplir bien con su funci\u00f3n. El gobierno y el sector est\u00e1 haciendo todo lo posible para que esta lucha se efectiva\u201d.<\/span><\/p>\n<p><span style=\"color: #000000;\">Destac\u00f3 el \u00e9xito alcanzado en las labores de interdicci\u00f3n, as\u00ed como en la desactivaci\u00f3n de pistas utilizadas para el traslado de la droga, que en lo que va del a\u00f1o suman 34, por el cambio de rutas hacia pa\u00edses vecinos.<\/span><\/p>\n<p><span style=\"color: #000000;\">\u201cEl trabajo en el VRAEM tiene que ser agudo, fino. Debemos continuar de esta forma para impedir que los recursos lleguen de forma il\u00edcita a las organizaciones terroristas. Felicito al personal que integra esta Direcci\u00f3n Antidrogas y los insto e invoco a trabajar con profesionalidad, logrando una productividad que todos los peruanos queremos\u201d, alent\u00f3 a los presentes.<\/span><\/p>\n<p><strong><span style=\"color: #000000;\">108 organizaciones desarticuladas<\/span><\/strong><\/p>\n<p><span style=\"color: #000000;\">Por su parte, el director de la Dirandro, General H\u00e9ctor Loayza Arrieta, manifest\u00f3 que los efectos perversos ocasionados por esta actividad il\u00edcita y el consumo de drogas han alcanzado niveles nunca vistos, con el retiro de los espacios p\u00fablicos para los ciudadanos, afectando el tejido social e implementando una cultura del miedo.<\/span><\/p>\n<p><span style=\"color: #000000;\">\u201cA pesar de ello, esta actividad il\u00edcita muchas veces pasa inadvertida por ciertos sectores de la sociedad como una forma de negaci\u00f3n extendida, como si el tr\u00e1fico il\u00edcito de droga es algo que no sucede o es solo problema del gobierno\u201d.<\/span><\/p>\n<p><span style=\"color: #000000;\">Inform\u00f3 que se fortalecer\u00e1 la unidad emblem\u00e1tica Constelaci\u00f3n, con apoyo de la DEA. Asimismo, que la Uni\u00f3n Europea ha implementado un sistema integrado de inteligencia que permitir\u00e1 analizar informaci\u00f3n sensible para identificar organizaciones.<\/span><\/p>\n<p><span style=\"color: #000000;\">\u201cDesde el 26 de junio del 2017 a la fecha, la Dirandro ha desarticulado 108 organizaciones, se han destruido 72 pistas de aterrizaje clandestinas, se han incautado 39 inmuebles, 440 veh\u00edculos, 138 armas de fuego, se han destruido 887, 000 kilogramos de insumos qu\u00edmicos y se han decomisado 51, 115 kilos de drogas il\u00edcitas\u201d, detall\u00f3 el general, como logros de la direcci\u00f3n a su cargo.<\/span><\/p>\n","protected":false},"excerpt":{"rendered":"<p>El ministro del Interior, Mauro Medina, anunci\u00f3 que el combate del narcotr\u00e1fico en el pa\u00eds ser\u00e1 reforzado con la adquisici\u00f3n de aeronaves. Lima, 25 de Junio, (ANDINA).- El ministro del Interior, Mauro Medina, anunci\u00f3 que el combate del narcotr\u00e1fico en el pa\u00eds ser\u00e1 reforzado con la adquisici\u00f3n de aeronaves a fin de generar operaciones sorpresas [&hellip;]<\/p>\n","protected":false},"author":1,"featured_media":29401,"comment_status":"open","ping_status":"open","sticky":false,"template":"","format":"standard","meta":{"rop_custom_images_group":[],"rop_custom_messages_group":[],"rop_publish_now":"initial","rop_publish_now_accounts":[],"rop_publish_now_history":[],"rop_publish_now_status":"pending","footnotes":""},"categories":[10],"tags":[3316,280],"class_list":["post-29399","post","type-post","status-publish","format-standard","has-post-thumbnail","hentry","category-actualidad-municipal","tag-mauro-medina","tag-ministerio-del-interior"],"_links":{"self":[{"href":"https:\/\/elinformanteperu.com\/index.php\/wp-json\/wp\/v2\/posts\/29399","targetHints":{"allow":["GET"]}}],"collection":[{"href":"https:\/\/elinformanteperu.com\/index.php\/wp-json\/wp\/v2\/posts"}],"about":[{"href":"https:\/\/elinformanteperu.com\/index.php\/wp-json\/wp\/v2\/types\/post"}],"author":[{"embeddable":true,"href":"https:\/\/elinformanteperu.com\/index.php\/wp-json\/wp\/v2\/users\/1"}],"replies":[{"embeddable":true,"href":"https:\/\/elinformanteperu.com\/index.php\/wp-json\/wp\/v2\/comments?post=29399"}],"version-history":[{"count":1,"href":"https:\/\/elinformanteperu.com\/index.php\/wp-json\/wp\/v2\/posts\/29399\/revisions"}],"predecessor-version":[{"id":29402,"href":"https:\/\/elinformanteperu.com\/index.php\/wp-json\/wp\/v2\/posts\/29399\/revisions\/29402"}],"wp:featuredmedia":[{"embeddable":true,"href":"https:\/\/elinformanteperu.com\/index.php\/wp-json\/wp\/v2\/media\/29401"}],"wp:attachment":[{"href":"https:\/\/elinformanteperu.com\/index.php\/wp-json\/wp\/v2\/media?parent=29399"}],"wp:term":[{"taxonomy":"category","embeddable":true,"href":"https:\/\/elinformanteperu.com\/index.php\/wp-json\/wp\/v2\/categories?post=29399"},{"taxonomy":"post_tag","embeddable":true,"href":"https:\/\/elinformanteperu.com\/index.php\/wp-json\/wp\/v2\/tags?post=29399"}],"curies":[{"name":"wp","href":"https:\/\/api.w.org\/{rel}","templated":true}]}}