{"id":2937,"date":"2016-12-20T00:52:12","date_gmt":"2016-12-20T05:52:12","guid":{"rendered":"http:\/\/elinformanteperu.com\/?p=2937"},"modified":"2016-12-20T00:52:12","modified_gmt":"2016-12-20T05:52:12","slug":"julio-cesar-uribe-es-nuevo-dt-de-union-comercio","status":"publish","type":"post","link":"https:\/\/elinformanteperu.com\/index.php\/2016\/12\/20\/julio-cesar-uribe-es-nuevo-dt-de-union-comercio\/","title":{"rendered":"Julio C\u00e9sar Uribe es nuevo DT de Uni\u00f3n Comercio"},"content":{"rendered":"<p><strong>El exfutbolista, Julio C\u00e9sar Uribe, fue anunciado como el nuevo entrenador de Uni\u00f3n Comercio. Tambi\u00e9n se anunci\u00f3 la contrataci\u00f3n de un volante uruguayo.<\/strong><\/p>\n<p><strong>Moyobamba, 19 Diciembre 2016, (ANDINA).-<\/strong> El exfutbolista de la selecci\u00f3n peruana, Julio C\u00e9sar Uribe, fue anunciado como el nuevo entrenador de Uni\u00f3n Comercio. Tambi\u00e9n se anunci\u00f3 la contrataci\u00f3n de un volante uruguayo.<\/p>\n<p>Julio C. Uribe ya hab\u00eda dirigido en el pasado a Uni\u00f3n Comercio entre 2011 y 2012. No obstante, no mantiene actividad como entrenador desde el 2014, cuando lideraba a la San Mart\u00edn.<\/p>\n<p>Hasta el momento, Uni\u00f3n Comercio solo ha hecho oficial la contrataci\u00f3n de Mat\u00edas Mirabaje, volante uruguayo de 27 a\u00f1os.<\/p>\n","protected":false},"excerpt":{"rendered":"<p>El exfutbolista, Julio C\u00e9sar Uribe, fue anunciado como el nuevo entrenador de Uni\u00f3n Comercio. Tambi\u00e9n se anunci\u00f3 la contrataci\u00f3n de un volante uruguayo. Moyobamba, 19 Diciembre 2016, (ANDINA).- El exfutbolista de la selecci\u00f3n peruana, Julio C\u00e9sar Uribe, fue anunciado como el nuevo entrenador de Uni\u00f3n Comercio. Tambi\u00e9n se anunci\u00f3 la contrataci\u00f3n de un volante uruguayo. [&hellip;]<\/p>\n","protected":false},"author":1,"featured_media":2938,"comment_status":"open","ping_status":"open","sticky":false,"template":"","format":"standard","meta":{"rop_custom_images_group":[],"rop_custom_messages_group":[],"rop_publish_now":"initial","rop_publish_now_accounts":[],"rop_publish_now_history":[],"rop_publish_now_status":"pending","footnotes":""},"categories":[8],"tags":[585,586],"class_list":["post-2937","post","type-post","status-publish","format-standard","has-post-thumbnail","hentry","category-disciplinas-deportivas","tag-julio-cesar-uribe","tag-union-comercio"],"_links":{"self":[{"href":"https:\/\/elinformanteperu.com\/index.php\/wp-json\/wp\/v2\/posts\/2937","targetHints":{"allow":["GET"]}}],"collection":[{"href":"https:\/\/elinformanteperu.com\/index.php\/wp-json\/wp\/v2\/posts"}],"about":[{"href":"https:\/\/elinformanteperu.com\/index.php\/wp-json\/wp\/v2\/types\/post"}],"author":[{"embeddable":true,"href":"https:\/\/elinformanteperu.com\/index.php\/wp-json\/wp\/v2\/users\/1"}],"replies":[{"embeddable":true,"href":"https:\/\/elinformanteperu.com\/index.php\/wp-json\/wp\/v2\/comments?post=2937"}],"version-history":[{"count":1,"href":"https:\/\/elinformanteperu.com\/index.php\/wp-json\/wp\/v2\/posts\/2937\/revisions"}],"predecessor-version":[{"id":2939,"href":"https:\/\/elinformanteperu.com\/index.php\/wp-json\/wp\/v2\/posts\/2937\/revisions\/2939"}],"wp:featuredmedia":[{"embeddable":true,"href":"https:\/\/elinformanteperu.com\/index.php\/wp-json\/wp\/v2\/media\/2938"}],"wp:attachment":[{"href":"https:\/\/elinformanteperu.com\/index.php\/wp-json\/wp\/v2\/media?parent=2937"}],"wp:term":[{"taxonomy":"category","embeddable":true,"href":"https:\/\/elinformanteperu.com\/index.php\/wp-json\/wp\/v2\/categories?post=2937"},{"taxonomy":"post_tag","embeddable":true,"href":"https:\/\/elinformanteperu.com\/index.php\/wp-json\/wp\/v2\/tags?post=2937"}],"curies":[{"name":"wp","href":"https:\/\/api.w.org\/{rel}","templated":true}]}}