{"id":2934,"date":"2016-12-20T00:48:48","date_gmt":"2016-12-20T05:48:48","guid":{"rendered":"http:\/\/elinformanteperu.com\/?p=2934"},"modified":"2016-12-20T00:48:48","modified_gmt":"2016-12-20T05:48:48","slug":"kimberly-garcia-y-arturo-chavez-son-los-mejores-atletas-peruanos-del-2016","status":"publish","type":"post","link":"https:\/\/elinformanteperu.com\/index.php\/2016\/12\/20\/kimberly-garcia-y-arturo-chavez-son-los-mejores-atletas-peruanos-del-2016\/","title":{"rendered":"Kimberly Garc\u00eda y Arturo Ch\u00e1vez son los mejores atletas peruanos del 2016"},"content":{"rendered":"<p><strong>Los atletas nacionales Kimberly Garc\u00eda y Arturo Ch\u00e1vez, fueron elegidos por la Federaci\u00f3n Peruana de Atletismo, como los mejores del 2016.<\/strong><\/p>\n<p><strong>Lima, 19 Diciembre 2016, (ANDINA).-<\/strong> Los atletas nacionales Kimberly Garc\u00eda y Arturo Ch\u00e1vez, fueron elegidos por la Federaci\u00f3n Peruana de Atletismo, como los mejores del 2016, en una concurrida ceremonia que reuni\u00f3 a los mejores deportistas de esta disciplina deportiva.<\/p>\n<p>Kimberly Garc\u00eda logr\u00f3 un inolvidable puesto 14 en los 20 kil\u00f3metros de marcha en R\u00edo 2016, mientras Arturo Ch\u00e1vez hizo la marca de 2,31 en salto alto despu\u00e9s de 21 a\u00f1os, convirti\u00e9ndose en nuevo r\u00e9cord nacional y logrando su clasificaci\u00f3n a los Juegos Ol\u00edmpicos por su registro, considerado uno de los mejores del a\u00f1o.<\/p>\n<p>En la premiaci\u00f3n estuvo presente el presidente del IPD, abogado y ex atleta de \u00e9lite, Oscar Fern\u00e1ndez C\u00e1ceres, quien destac\u00f3 el trabajo realizado por todos los estamentos que componen el atletismo nacional, que asume un gran compromiso al frente del ente que rige los destinos del deporte y que el gran objetivo son los Juegos Panamericanos Lima 2019.<\/p>\n<p>A su turno, Martita Letts, Tesorera de la FPA, resalt\u00f3 el trabajo realizado por los atletas nacionales y entrenadores en un a\u00f1o hist\u00f3rico para el deporte base por todo lo conseguido y que cierra un cap\u00edtulo, pero que abre otro en donde podr\u00e1n trabajar todo el ciclo ol\u00edmpico, primero con los Juegos Panamericanos de Lima 2019 y luego los JJ. OO de Tokio 2020, en donde asegur\u00f3 el atletismo peruano llegar\u00e1 con 30 atletas.<\/p>\n","protected":false},"excerpt":{"rendered":"<p>Los atletas nacionales Kimberly Garc\u00eda y Arturo Ch\u00e1vez, fueron elegidos por la Federaci\u00f3n Peruana de Atletismo, como los mejores del 2016. Lima, 19 Diciembre 2016, (ANDINA).- Los atletas nacionales Kimberly Garc\u00eda y Arturo Ch\u00e1vez, fueron elegidos por la Federaci\u00f3n Peruana de Atletismo, como los mejores del 2016, en una concurrida ceremonia que reuni\u00f3 a los [&hellip;]<\/p>\n","protected":false},"author":1,"featured_media":2935,"comment_status":"open","ping_status":"open","sticky":false,"template":"","format":"standard","meta":{"rop_custom_images_group":[],"rop_custom_messages_group":[],"rop_publish_now":"initial","rop_publish_now_accounts":[],"rop_publish_now_history":[],"rop_publish_now_status":"pending","footnotes":""},"categories":[8],"tags":[584,417,583],"class_list":["post-2934","post","type-post","status-publish","format-standard","has-post-thumbnail","hentry","category-disciplinas-deportivas","tag-arturo-chavez","tag-ipd","tag-kimberly-garcia"],"_links":{"self":[{"href":"https:\/\/elinformanteperu.com\/index.php\/wp-json\/wp\/v2\/posts\/2934","targetHints":{"allow":["GET"]}}],"collection":[{"href":"https:\/\/elinformanteperu.com\/index.php\/wp-json\/wp\/v2\/posts"}],"about":[{"href":"https:\/\/elinformanteperu.com\/index.php\/wp-json\/wp\/v2\/types\/post"}],"author":[{"embeddable":true,"href":"https:\/\/elinformanteperu.com\/index.php\/wp-json\/wp\/v2\/users\/1"}],"replies":[{"embeddable":true,"href":"https:\/\/elinformanteperu.com\/index.php\/wp-json\/wp\/v2\/comments?post=2934"}],"version-history":[{"count":1,"href":"https:\/\/elinformanteperu.com\/index.php\/wp-json\/wp\/v2\/posts\/2934\/revisions"}],"predecessor-version":[{"id":2936,"href":"https:\/\/elinformanteperu.com\/index.php\/wp-json\/wp\/v2\/posts\/2934\/revisions\/2936"}],"wp:featuredmedia":[{"embeddable":true,"href":"https:\/\/elinformanteperu.com\/index.php\/wp-json\/wp\/v2\/media\/2935"}],"wp:attachment":[{"href":"https:\/\/elinformanteperu.com\/index.php\/wp-json\/wp\/v2\/media?parent=2934"}],"wp:term":[{"taxonomy":"category","embeddable":true,"href":"https:\/\/elinformanteperu.com\/index.php\/wp-json\/wp\/v2\/categories?post=2934"},{"taxonomy":"post_tag","embeddable":true,"href":"https:\/\/elinformanteperu.com\/index.php\/wp-json\/wp\/v2\/tags?post=2934"}],"curies":[{"name":"wp","href":"https:\/\/api.w.org\/{rel}","templated":true}]}}