{"id":29331,"date":"2018-06-25T20:36:32","date_gmt":"2018-06-26T01:36:32","guid":{"rendered":"http:\/\/elinformanteperu.com\/?p=29331"},"modified":"2018-06-25T20:36:32","modified_gmt":"2018-06-26T01:36:32","slug":"gareca-queremos-acabar-bien-el-mundial-por-la-gente-que-vino-a-rusia-y-el-peru","status":"publish","type":"post","link":"https:\/\/elinformanteperu.com\/index.php\/2018\/06\/25\/gareca-queremos-acabar-bien-el-mundial-por-la-gente-que-vino-a-rusia-y-el-peru\/","title":{"rendered":"Gareca: Queremos acabar bien el Mundial por la gente que vino a Rusia y el Per\u00fa"},"content":{"rendered":"<p><span style=\"color: #000000;\"><strong>Estuvimos a la altura de las circunstancias\u00bb, se\u00f1al\u00f3, Ricardo Gareca, quien se\u00f1al\u00f3\u00a0que le resta hablar del presente y el futuro que, a su juicio, pinta bien para el pa\u00eds.<\/strong><\/span><\/p>\n<p><span style=\"color: #000000;\"><strong>Sochi, 25 de Junio, (ANDINA).-<\/strong> Ricardo Gareca admiti\u00f3 que hab\u00eda imaginado llegar a este d\u00eda para hablar del \u00faltimo partido en la fase de grupos como el de la clasificaci\u00f3n a octavos de final, pero al sufrir dos estrechas derrotas lo que le resta es hablar del presente y el futuro que, a su juicio, pinta bien para el pa\u00eds.<\/span><\/p>\n<p><span style=\"color: #000000;\">\u00abTen\u00edamos otras expectativas, las de llegar a esta tercera fecha con las posibilidad de clasificar\u00bb, lament\u00f3 el estratega argentino durante la conferencia de prensa previa al partido contra Australia, este martes en Sochi.<\/span><\/p>\n<p><span style=\"color: #000000;\">\u00abSacar este partido adelante nos va a exigir todo lo que tenemos que dar\u00bb, expres\u00f3 para significar que sus pupilos no llegar\u00e1n a la cancha del estadio Fisht para cumplir con el calendario.<\/span><\/p>\n<p><span style=\"color: #000000;\">\u00abEs un partido para nosotros muy importante. Queremos terminar de mejor manera la Copa del Mundo para la gente que va a venir a vernos y para el pa\u00eds que tanto nos ha apoyado\u00bb, enfatiz\u00f3.<\/span><\/p>\n<p><span style=\"color: #000000;\">Al evadir una y otra vez las preguntas relacionadas con la permanencia en el cargo, motivadas a las vez por conjeturas sobre la pretensi\u00f3n de contratarle por parte de otros pa\u00edses, Gareca opt\u00f3 por hacer un balance del desempe\u00f1o de su grupo en Rusia.<\/span><\/p>\n<p><span style=\"color: #000000;\">\u00abNo hemos tenido el resultado deseado pero s\u00ed un buen rendimiento. Estuvimos a la altura de las circunstancias\u00bb, destac\u00f3.<\/span><\/p>\n<p><span style=\"color: #000000;\">Al hablar de su primera experiencia como seleccionador, que comenz\u00f3 en marzo de 2015, dijo que lo m\u00e1s importante que le queda \u00abes el buen presente que tiene Per\u00fa y las perspectivas inmensas\u00bb.<\/span><\/p>\n<p><span style=\"color: #000000;\">Del partido de este martes en Sochi, dijo que Australia \u00abtiene una selecci\u00f3n importante que va a buscar con todos sus recursos su clasificaci\u00f3n\u00bb. \u00abDejan todo en el campo de juego y nos van a exigir\u00bb, puntualiz\u00f3.<\/span><\/p>\n<p>https:\/\/youtu.be\/cHPT6GUQC2o<\/p>\n","protected":false},"excerpt":{"rendered":"<p>Estuvimos a la altura de las circunstancias\u00bb, se\u00f1al\u00f3, Ricardo Gareca, quien se\u00f1al\u00f3\u00a0que le resta hablar del presente y el futuro que, a su juicio, pinta bien para el pa\u00eds. Sochi, 25 de Junio, (ANDINA).- Ricardo Gareca admiti\u00f3 que hab\u00eda imaginado llegar a este d\u00eda para hablar del \u00faltimo partido en la fase de grupos como [&hellip;]<\/p>\n","protected":false},"author":1,"featured_media":29333,"comment_status":"open","ping_status":"open","sticky":false,"template":"","format":"standard","meta":{"rop_custom_images_group":[],"rop_custom_messages_group":[],"rop_publish_now":"initial","rop_publish_now_accounts":[],"rop_publish_now_history":[],"rop_publish_now_status":"pending","footnotes":""},"categories":[8],"tags":[2330,92,137],"class_list":["post-29331","post","type-post","status-publish","format-standard","has-post-thumbnail","hentry","category-disciplinas-deportivas","tag-mundial-rusia-2018","tag-ricardo-gareca","tag-seleccion-peruana"],"_links":{"self":[{"href":"https:\/\/elinformanteperu.com\/index.php\/wp-json\/wp\/v2\/posts\/29331","targetHints":{"allow":["GET"]}}],"collection":[{"href":"https:\/\/elinformanteperu.com\/index.php\/wp-json\/wp\/v2\/posts"}],"about":[{"href":"https:\/\/elinformanteperu.com\/index.php\/wp-json\/wp\/v2\/types\/post"}],"author":[{"embeddable":true,"href":"https:\/\/elinformanteperu.com\/index.php\/wp-json\/wp\/v2\/users\/1"}],"replies":[{"embeddable":true,"href":"https:\/\/elinformanteperu.com\/index.php\/wp-json\/wp\/v2\/comments?post=29331"}],"version-history":[{"count":1,"href":"https:\/\/elinformanteperu.com\/index.php\/wp-json\/wp\/v2\/posts\/29331\/revisions"}],"predecessor-version":[{"id":29334,"href":"https:\/\/elinformanteperu.com\/index.php\/wp-json\/wp\/v2\/posts\/29331\/revisions\/29334"}],"wp:featuredmedia":[{"embeddable":true,"href":"https:\/\/elinformanteperu.com\/index.php\/wp-json\/wp\/v2\/media\/29333"}],"wp:attachment":[{"href":"https:\/\/elinformanteperu.com\/index.php\/wp-json\/wp\/v2\/media?parent=29331"}],"wp:term":[{"taxonomy":"category","embeddable":true,"href":"https:\/\/elinformanteperu.com\/index.php\/wp-json\/wp\/v2\/categories?post=29331"},{"taxonomy":"post_tag","embeddable":true,"href":"https:\/\/elinformanteperu.com\/index.php\/wp-json\/wp\/v2\/tags?post=29331"}],"curies":[{"name":"wp","href":"https:\/\/api.w.org\/{rel}","templated":true}]}}