{"id":29323,"date":"2018-06-25T20:25:12","date_gmt":"2018-06-26T01:25:12","guid":{"rendered":"http:\/\/elinformanteperu.com\/?p=29323"},"modified":"2018-06-25T20:25:12","modified_gmt":"2018-06-26T01:25:12","slug":"jefferson-farfan-estara-30-dias-fuera-de-los-campos-de-juego-tras-el-golpe-en-la-cabeza","status":"publish","type":"post","link":"https:\/\/elinformanteperu.com\/index.php\/2018\/06\/25\/jefferson-farfan-estara-30-dias-fuera-de-los-campos-de-juego-tras-el-golpe-en-la-cabeza\/","title":{"rendered":"Jefferson Farf\u00e1n estar\u00e1 30 d\u00edas fuera de los campos de juego tras el golpe en la cabeza"},"content":{"rendered":"<p><strong><span style=\"color: #000000;\">El delantero peruano Jefferson Farf\u00e1n, quien permanece en observaci\u00f3n tras sufrir un fuerte golpe en la cabeza, estar\u00e1 fuera de los campos de juegos por 30 d\u00edas.<\/span><\/strong><\/p>\n<p><span style=\"color: #000000;\"><strong>Mosc\u00fa, 25 de Junio, (ANDINA).-<\/strong> El delantero peruano Jefferson Farf\u00e1n, quien permanece en observaci\u00f3n en una cl\u00ednica de Mosc\u00fa tras sufrir un fuerte golpe en la cabeza, estar\u00e1 fuera de los campos de juegos por 30 d\u00edas as\u00ed lo diagnosticaron los m\u00e9dicos que lo atendieron. El jugador dijo que s\u00f3lo le queda a apoyar a la selecci\u00f3n desde el centro hospitalario.<\/span><\/p>\n<p><span style=\"color: #000000;\">Solo me queda apoyar a mis compa\u00f1eros desde la cl\u00ednica\u00bb, se\u00f1al\u00f3 este lunes Farf\u00e1n, en observaci\u00f3n m\u00e9dica desde el s\u00e1bado, cuando sufri\u00f3 un fuerte golpe en la cabeza durante un entrenamiento, en un mensaje publicado en la red social Instagram.<\/span><\/p>\n<p><span style=\"color: #000000;\">Farf\u00e1n sigue hospitalizado en Mosc\u00fa y no viaj\u00f3 con la expedici\u00f3n peruana a Sochi, donde el martes la Bicolor, ya eliminada del Mundial al sumar dos derrotas en dos jornadas, se despedir\u00e1 del torneo ante Australia.<\/span><\/p>\n<p><span style=\"color: #000000;\">\u00abMil gracias por tanto apoyo, fue muy duro el momento que pas\u00e9 el d\u00eda s\u00e1bado. Pero solo me quedar\u00e9 en mi mente con el total apoyo que me brindaron todos mis compa\u00f1eros y los m\u00e9dicos, la selecci\u00f3n completa\u00bb, escribi\u00f3 Farf\u00e1n.<\/span><\/p>\n<p><strong><span style=\"color: #000000;\">Duro golpe<\/span><\/strong><\/p>\n<p><span style=\"color: #000000;\">Farf\u00e1n fue trasladado al hospital tras sufrir un fuerte golpe en la cabeza contra el arquero del equipo Sub-20 que sirve como &#8216;sparring&#8217; al combinado absoluto en Rusia.<\/span><\/p>\n<p><span style=\"color: #000000;\">\u00abFarf\u00e1n impact\u00f3 con el arquero rival sufriendo un traumatismo cr\u00e1neo encef\u00e1lico\u00bb, se\u00f1al\u00f3 la Federaci\u00f3n Peruana de F\u00fatbol (FPF) el s\u00e1bado en su \u00fanica comunicaci\u00f3n sobre el estado del jugador.<\/span><\/p>\n<p><span style=\"color: #000000;\">\u00abAhora solo queda recuperarme pensar en mi salud y en mi familia. Mor\u00eda por estar con mis compa\u00f1eros este \u00faltimo juego, pero por recomendaciones m\u00e9dicas es algo imposible y solo me queda apoyar a mis compa\u00f1eros y al cuerpo t\u00e9cnico desde la cl\u00ednica\u00bb, a\u00f1adi\u00f3 Farf\u00e1n en Instagram.<\/span><\/p>\n<p><span style=\"color: #000000;\">\u00abConf\u00edo mucho en ustedes, equipo \u00a1S\u00e9 que nos van a dar una alegr\u00eda! Y recuerden algo, esto es el gran comienzo de lo que se viene para nuestra selecci\u00f3n. Arriba Per\u00fa carajo\u00bb, concluy\u00f3.<\/span><\/p>\n<p><span style=\"color: #000000;\">Seg\u00fan varias informaciones publicadas por medios peruanos, el jugador estar\u00e1 un mes de baja.<\/span><\/p>\n<p><span style=\"color: #000000;\">El central Anderson Santamar\u00eda explic\u00f3 el domingo los dif\u00edciles momentos que se vivieron en el entrenamiento del s\u00e1bado tras el violento golpe del jugador.<\/span><\/p>\n<p><span style=\"color: #000000;\">\u00abEn lo personal pens\u00e9 lo peor porque no se mov\u00eda, no mov\u00eda las piernas ni los brazos. Ten\u00eda los ojos blancos y solo parpadeaba. Nunca vi una situaci\u00f3n as\u00ed\u00bb, dijo.<\/span><\/p>\n<p><img fetchpriority=\"high\" decoding=\"async\" class=\"aligncenter size-full wp-image-24290\" src=\"http:\/\/elinformanteperu.com\/wp-content\/uploads\/2018\/03\/farfan-islandia.jpg\" alt=\"\" width=\"1800\" height=\"1200\" srcset=\"https:\/\/elinformanteperu.com\/wp-content\/uploads\/2018\/03\/farfan-islandia.jpg 1800w, https:\/\/elinformanteperu.com\/wp-content\/uploads\/2018\/03\/farfan-islandia-300x200.jpg 300w, https:\/\/elinformanteperu.com\/wp-content\/uploads\/2018\/03\/farfan-islandia-768x512.jpg 768w, https:\/\/elinformanteperu.com\/wp-content\/uploads\/2018\/03\/farfan-islandia-1024x683.jpg 1024w, https:\/\/elinformanteperu.com\/wp-content\/uploads\/2018\/03\/farfan-islandia-128x85.jpg 128w, https:\/\/elinformanteperu.com\/wp-content\/uploads\/2018\/03\/farfan-islandia-32x21.jpg 32w\" sizes=\"(max-width: 1800px) 100vw, 1800px\" \/><\/p>\n","protected":false},"excerpt":{"rendered":"<p>El delantero peruano Jefferson Farf\u00e1n, quien permanece en observaci\u00f3n tras sufrir un fuerte golpe en la cabeza, estar\u00e1 fuera de los campos de juegos por 30 d\u00edas. Mosc\u00fa, 25 de Junio, (ANDINA).- El delantero peruano Jefferson Farf\u00e1n, quien permanece en observaci\u00f3n en una cl\u00ednica de Mosc\u00fa tras sufrir un fuerte golpe en la cabeza, estar\u00e1 [&hellip;]<\/p>\n","protected":false},"author":1,"featured_media":29325,"comment_status":"open","ping_status":"open","sticky":false,"template":"","format":"standard","meta":{"rop_custom_images_group":[],"rop_custom_messages_group":[],"rop_publish_now":"initial","rop_publish_now_accounts":[],"rop_publish_now_history":[],"rop_publish_now_status":"pending","footnotes":""},"categories":[8],"tags":[670,2330,137],"class_list":["post-29323","post","type-post","status-publish","format-standard","has-post-thumbnail","hentry","category-disciplinas-deportivas","tag-jefferson-farfan","tag-mundial-rusia-2018","tag-seleccion-peruana"],"_links":{"self":[{"href":"https:\/\/elinformanteperu.com\/index.php\/wp-json\/wp\/v2\/posts\/29323","targetHints":{"allow":["GET"]}}],"collection":[{"href":"https:\/\/elinformanteperu.com\/index.php\/wp-json\/wp\/v2\/posts"}],"about":[{"href":"https:\/\/elinformanteperu.com\/index.php\/wp-json\/wp\/v2\/types\/post"}],"author":[{"embeddable":true,"href":"https:\/\/elinformanteperu.com\/index.php\/wp-json\/wp\/v2\/users\/1"}],"replies":[{"embeddable":true,"href":"https:\/\/elinformanteperu.com\/index.php\/wp-json\/wp\/v2\/comments?post=29323"}],"version-history":[{"count":1,"href":"https:\/\/elinformanteperu.com\/index.php\/wp-json\/wp\/v2\/posts\/29323\/revisions"}],"predecessor-version":[{"id":29326,"href":"https:\/\/elinformanteperu.com\/index.php\/wp-json\/wp\/v2\/posts\/29323\/revisions\/29326"}],"wp:featuredmedia":[{"embeddable":true,"href":"https:\/\/elinformanteperu.com\/index.php\/wp-json\/wp\/v2\/media\/29325"}],"wp:attachment":[{"href":"https:\/\/elinformanteperu.com\/index.php\/wp-json\/wp\/v2\/media?parent=29323"}],"wp:term":[{"taxonomy":"category","embeddable":true,"href":"https:\/\/elinformanteperu.com\/index.php\/wp-json\/wp\/v2\/categories?post=29323"},{"taxonomy":"post_tag","embeddable":true,"href":"https:\/\/elinformanteperu.com\/index.php\/wp-json\/wp\/v2\/tags?post=29323"}],"curies":[{"name":"wp","href":"https:\/\/api.w.org\/{rel}","templated":true}]}}