{"id":2931,"date":"2016-12-20T00:44:17","date_gmt":"2016-12-20T05:44:17","guid":{"rendered":"http:\/\/elinformanteperu.com\/?p=2931"},"modified":"2016-12-20T00:44:17","modified_gmt":"2016-12-20T05:44:17","slug":"gladys-tejeda-es-premiada-tras-destacada-participacion-en-rio-2016","status":"publish","type":"post","link":"https:\/\/elinformanteperu.com\/index.php\/2016\/12\/20\/gladys-tejeda-es-premiada-tras-destacada-participacion-en-rio-2016\/","title":{"rendered":"Gladys Tejeda es premiada tras destacada participaci\u00f3n en R\u00edo 2016"},"content":{"rendered":"<p><strong>La fondista nacional Gladys Tejeda fue premiada por la Federaci\u00f3n Peruana de Atletismo tras su destacada participaci\u00f3n en los Juegos Ol\u00edmpicos de R\u00edo 2016.<\/strong><\/p>\n<p><strong>Lima, 19 Diciembre 2016, (ANDINA).-<\/strong> La fondista nacional Gladys Tejeda fue premiada por la Federaci\u00f3n Peruana de Atletismo tras su destacada participaci\u00f3n en los Juegos Ol\u00edmpicos de R\u00edo 2016, donde alcanz\u00f3 el puesto 15 en la prueba de Marat\u00f3n.<\/p>\n<p>El peruano Luis Ostos tambi\u00e9n fue reconocido por imponer un nuevo r\u00e9cord nacional en los 10 mil metros planos en Payton Jordan, Estados Unidos, siendo el primer peruano en rebajar los 28 minutos.<\/p>\n<p>En la ceremonia tambi\u00e9n recibieron importantes reconocimientos los nuevos valores, como la atleta cusque\u00f1a Sub 18, Ruth Basilio (campeona Panamericana de Cross Country en Venezuela), Edwar Condori (Campe\u00f3n Panamericano de Cross Country en Venezuela, r\u00e9cord nacional en 5 mil y 2 mil metros con obst\u00e1culos con medalla de plata en el Sudamericano de la categor\u00eda en Argentina en la distancia).<\/p>\n<p>En damas Sub 20 fue elegida Saida Meneses (record nacional en los 5 mil metros planos, Campeona Sudamericana Sub 23 en la misma distancia. Medalla de Bronce en el Panamericano de Cross Country de Venezuela), C\u00e9sar Rodr\u00edguez de Huancayo y Lenin Mamani de Puno por su medalla de plata por Equipos en la Copa Mundial de Marcha de Roma.<\/p>\n<p>En la Sub 23 la arequipe\u00f1a Zulema Arenas (record nacional de los 3 mil metros con obst\u00e1culos en Espa\u00f1a), Paolo Yurivilca, por su gran actuaci\u00f3n en Copa Mundial de Italia al conseguir su clasificaci\u00f3n a R\u00edo 2016.<\/p>\n<p>De igual manera se premi\u00f3 a los 17 r\u00e9cords nacionales impuestos en la presente temporada. Las ligas m\u00e1s ganadoras del a\u00f1o como Arequipa (primer lugar), Barranco (segundo lugar) y Miraflores (tercer lugar).<\/p>\n","protected":false},"excerpt":{"rendered":"<p>La fondista nacional Gladys Tejeda fue premiada por la Federaci\u00f3n Peruana de Atletismo tras su destacada participaci\u00f3n en los Juegos Ol\u00edmpicos de R\u00edo 2016. Lima, 19 Diciembre 2016, (ANDINA).- La fondista nacional Gladys Tejeda fue premiada por la Federaci\u00f3n Peruana de Atletismo tras su destacada participaci\u00f3n en los Juegos Ol\u00edmpicos de R\u00edo 2016, donde alcanz\u00f3 [&hellip;]<\/p>\n","protected":false},"author":1,"featured_media":2932,"comment_status":"open","ping_status":"open","sticky":false,"template":"","format":"standard","meta":{"rop_custom_images_group":[],"rop_custom_messages_group":[],"rop_publish_now":"initial","rop_publish_now_accounts":[],"rop_publish_now_history":[],"rop_publish_now_status":"pending","footnotes":""},"categories":[8],"tags":[582],"class_list":["post-2931","post","type-post","status-publish","format-standard","has-post-thumbnail","hentry","category-disciplinas-deportivas","tag-gladys-tejeda"],"_links":{"self":[{"href":"https:\/\/elinformanteperu.com\/index.php\/wp-json\/wp\/v2\/posts\/2931","targetHints":{"allow":["GET"]}}],"collection":[{"href":"https:\/\/elinformanteperu.com\/index.php\/wp-json\/wp\/v2\/posts"}],"about":[{"href":"https:\/\/elinformanteperu.com\/index.php\/wp-json\/wp\/v2\/types\/post"}],"author":[{"embeddable":true,"href":"https:\/\/elinformanteperu.com\/index.php\/wp-json\/wp\/v2\/users\/1"}],"replies":[{"embeddable":true,"href":"https:\/\/elinformanteperu.com\/index.php\/wp-json\/wp\/v2\/comments?post=2931"}],"version-history":[{"count":1,"href":"https:\/\/elinformanteperu.com\/index.php\/wp-json\/wp\/v2\/posts\/2931\/revisions"}],"predecessor-version":[{"id":2933,"href":"https:\/\/elinformanteperu.com\/index.php\/wp-json\/wp\/v2\/posts\/2931\/revisions\/2933"}],"wp:featuredmedia":[{"embeddable":true,"href":"https:\/\/elinformanteperu.com\/index.php\/wp-json\/wp\/v2\/media\/2932"}],"wp:attachment":[{"href":"https:\/\/elinformanteperu.com\/index.php\/wp-json\/wp\/v2\/media?parent=2931"}],"wp:term":[{"taxonomy":"category","embeddable":true,"href":"https:\/\/elinformanteperu.com\/index.php\/wp-json\/wp\/v2\/categories?post=2931"},{"taxonomy":"post_tag","embeddable":true,"href":"https:\/\/elinformanteperu.com\/index.php\/wp-json\/wp\/v2\/tags?post=2931"}],"curies":[{"name":"wp","href":"https:\/\/api.w.org\/{rel}","templated":true}]}}