{"id":2928,"date":"2016-12-20T00:41:20","date_gmt":"2016-12-20T05:41:20","guid":{"rendered":"http:\/\/elinformanteperu.com\/?p=2928"},"modified":"2016-12-20T00:41:20","modified_gmt":"2016-12-20T05:41:20","slug":"oscar-vilchez-viaja-a-mexico-para-incorporarse-al-jaguares-de-chiapas-segun-prensa","status":"publish","type":"post","link":"https:\/\/elinformanteperu.com\/index.php\/2016\/12\/20\/oscar-vilchez-viaja-a-mexico-para-incorporarse-al-jaguares-de-chiapas-segun-prensa\/","title":{"rendered":"\u00d3scar V\u00edlchez viaja a M\u00e9xico para incorporarse al Jaguares de Chiapas, seg\u00fan prensa"},"content":{"rendered":"<p><strong>El volante peruano \u00d3scar &#8216;Neka&#8217; V\u00edlchez, de 30 a\u00f1os, viaj\u00f3 a M\u00e9xico para reforzar al Jaguares de Chiapas con vistas al arranque del campeonato azteca 2017.<\/strong><\/p>\n<p><strong>Chiapas, 19 Diciembre 2016, (ANDINA).-<\/strong> El volante peruano \u00d3scar &#8216;Neka&#8217; V\u00edlchez, de 30 a\u00f1os, viaj\u00f3 a M\u00e9xico para reforzar al Jaguares de Chiapas con vistas al arranque del campeonato azteca 2017, inform\u00f3 la prensa nacional.<\/p>\n<p>El contrato con el exfutbolista del club peruano Alianza Lima a\u00fan es una inc\u00f3gnita pero su llegada es a pedido del t\u00e9cnico mexicano Sergio Bueno que busca hacer un buen papel.<\/p>\n<p>&#8216;Neka&#8217; V\u00edlchez, de 30 a\u00f1os, defendi\u00f3 los colores de Per\u00fa en la \u00faltima Copa Am\u00e9rica Centenario, mostrando un alto rendimiento por lo que despert\u00f3 el inter\u00e9s del club argentino Gimnasia y Esgrima de la Plata; sin embargo, no se concret\u00f3 su incorporaci\u00f3n.<\/p>\n<p>Jaguares Chiapas viene realizando su pretemporada en el Estadio 3 de Marzo de Jalisco para enfrentar el pr\u00f3ximo 7 de febrero al Am\u00e9rica en el inicio del torneo Clausura 2017.<\/p>\n","protected":false},"excerpt":{"rendered":"<p>El volante peruano \u00d3scar &#8216;Neka&#8217; V\u00edlchez, de 30 a\u00f1os, viaj\u00f3 a M\u00e9xico para reforzar al Jaguares de Chiapas con vistas al arranque del campeonato azteca 2017. Chiapas, 19 Diciembre 2016, (ANDINA).- El volante peruano \u00d3scar &#8216;Neka&#8217; V\u00edlchez, de 30 a\u00f1os, viaj\u00f3 a M\u00e9xico para reforzar al Jaguares de Chiapas con vistas al arranque del campeonato [&hellip;]<\/p>\n","protected":false},"author":1,"featured_media":2929,"comment_status":"open","ping_status":"open","sticky":false,"template":"","format":"standard","meta":{"rop_custom_images_group":[],"rop_custom_messages_group":[],"rop_publish_now":"initial","rop_publish_now_accounts":[],"rop_publish_now_history":[],"rop_publish_now_status":"pending","footnotes":""},"categories":[8],"tags":[581],"class_list":["post-2928","post","type-post","status-publish","format-standard","has-post-thumbnail","hentry","category-disciplinas-deportivas","tag-oscar-vilchez"],"_links":{"self":[{"href":"https:\/\/elinformanteperu.com\/index.php\/wp-json\/wp\/v2\/posts\/2928","targetHints":{"allow":["GET"]}}],"collection":[{"href":"https:\/\/elinformanteperu.com\/index.php\/wp-json\/wp\/v2\/posts"}],"about":[{"href":"https:\/\/elinformanteperu.com\/index.php\/wp-json\/wp\/v2\/types\/post"}],"author":[{"embeddable":true,"href":"https:\/\/elinformanteperu.com\/index.php\/wp-json\/wp\/v2\/users\/1"}],"replies":[{"embeddable":true,"href":"https:\/\/elinformanteperu.com\/index.php\/wp-json\/wp\/v2\/comments?post=2928"}],"version-history":[{"count":1,"href":"https:\/\/elinformanteperu.com\/index.php\/wp-json\/wp\/v2\/posts\/2928\/revisions"}],"predecessor-version":[{"id":2930,"href":"https:\/\/elinformanteperu.com\/index.php\/wp-json\/wp\/v2\/posts\/2928\/revisions\/2930"}],"wp:featuredmedia":[{"embeddable":true,"href":"https:\/\/elinformanteperu.com\/index.php\/wp-json\/wp\/v2\/media\/2929"}],"wp:attachment":[{"href":"https:\/\/elinformanteperu.com\/index.php\/wp-json\/wp\/v2\/media?parent=2928"}],"wp:term":[{"taxonomy":"category","embeddable":true,"href":"https:\/\/elinformanteperu.com\/index.php\/wp-json\/wp\/v2\/categories?post=2928"},{"taxonomy":"post_tag","embeddable":true,"href":"https:\/\/elinformanteperu.com\/index.php\/wp-json\/wp\/v2\/tags?post=2928"}],"curies":[{"name":"wp","href":"https:\/\/api.w.org\/{rel}","templated":true}]}}