{"id":2907,"date":"2016-12-19T21:41:50","date_gmt":"2016-12-20T02:41:50","guid":{"rendered":"http:\/\/elinformanteperu.com\/?p=2907"},"modified":"2016-12-19T21:41:50","modified_gmt":"2016-12-20T02:41:50","slug":"wendy-sulca-presenta-su-nuevo-tema-me-voy-a-enamorar","status":"publish","type":"post","link":"https:\/\/elinformanteperu.com\/index.php\/2016\/12\/19\/wendy-sulca-presenta-su-nuevo-tema-me-voy-a-enamorar\/","title":{"rendered":"Wendy Sulca presenta su nuevo tema \u00abMe voy a enamorar\u00bb"},"content":{"rendered":"<p><strong>El videoclip fue grabado en Santiago de Chile, en el \u201cEmbalse del Yeso\u201d, lugar de nieve en el que grab\u00f3 tambi\u00e9n a\u00f1os atr\u00e1s la famosa banda Kudai.<\/strong><\/p>\n<p><strong>Lima, 19 Diciembre 2016, (El Informante Per\u00fa).-<\/strong> Wendy Sulca presenta \u201cMe voy a enamorar\u201d, trata del amor a primera vista, del amor joven, que tal vez puede ser pasajero o una ilusi\u00f3n, pero del amor en toda su plenitud.<\/p>\n<p>La filmaci\u00f3n del v\u00eddeo estuvo a cargo de la productora \u201cMerced\u201d, al mando de Leo Medel, quien tambi\u00e9n se encarg\u00f3 de la producci\u00f3n de la pel\u00edcula \u201cCoach\u201d, film del que Wendy es protagonista.<\/p>\n<p>\u201cFue muy grato trabajar con ellos, ya nos conoc\u00edamos y me trataron s\u00faper bien como siempre. Adem\u00e1s me cumplieron el sue\u00f1o de conocer la nieve ya que nunca hab\u00eda estado en un lugar con nieve. Hacer un v\u00eddeo ah\u00ed fue maravilloso, el resultado me encanta, ha quedado muy lindo. Adem\u00e1s pronto lanzar\u00e9 un v\u00eddeo del detr\u00e1s de c\u00e1maras, no fue muy f\u00e1cil grabar con tanto fr\u00edo, adem\u00e1s qued\u00e9 un poco resfriada, pero muy contenta (risas)\u201d coment\u00f3 la cantante, que acaba de lanzar el v\u00eddeo en sus redes sociales.<\/p>\n<p>Wendy Sulca se alista para una gran gira por medios y poder llevar su canci\u00f3n muy pronto a Chile y Argentina para alegr\u00eda de sus fan\u00e1ticos en dichos pa\u00edses.<\/p>\n<p><iframe src=\"https:\/\/www.youtube-nocookie.com\/embed\/c-9PaACk9UY?rel=0&amp;controls=0&amp;showinfo=0\" width=\"560\" height=\"315\" frameborder=\"0\" allowfullscreen=\"allowfullscreen\"><\/iframe><\/p>\n","protected":false},"excerpt":{"rendered":"<p>El videoclip fue grabado en Santiago de Chile, en el \u201cEmbalse del Yeso\u201d, lugar de nieve en el que grab\u00f3 tambi\u00e9n a\u00f1os atr\u00e1s la famosa banda Kudai. Lima, 19 Diciembre 2016, (El Informante Per\u00fa).- Wendy Sulca presenta \u201cMe voy a enamorar\u201d, trata del amor a primera vista, del amor joven, que tal vez puede ser [&hellip;]<\/p>\n","protected":false},"author":1,"featured_media":2908,"comment_status":"open","ping_status":"open","sticky":false,"template":"","format":"standard","meta":{"rop_custom_images_group":[],"rop_custom_messages_group":[],"rop_publish_now":"initial","rop_publish_now_accounts":[],"rop_publish_now_history":[],"rop_publish_now_status":"pending","footnotes":""},"categories":[69],"tags":[576],"class_list":["post-2907","post","type-post","status-publish","format-standard","has-post-thumbnail","hentry","category-musica","tag-wendy-sulca"],"_links":{"self":[{"href":"https:\/\/elinformanteperu.com\/index.php\/wp-json\/wp\/v2\/posts\/2907","targetHints":{"allow":["GET"]}}],"collection":[{"href":"https:\/\/elinformanteperu.com\/index.php\/wp-json\/wp\/v2\/posts"}],"about":[{"href":"https:\/\/elinformanteperu.com\/index.php\/wp-json\/wp\/v2\/types\/post"}],"author":[{"embeddable":true,"href":"https:\/\/elinformanteperu.com\/index.php\/wp-json\/wp\/v2\/users\/1"}],"replies":[{"embeddable":true,"href":"https:\/\/elinformanteperu.com\/index.php\/wp-json\/wp\/v2\/comments?post=2907"}],"version-history":[{"count":1,"href":"https:\/\/elinformanteperu.com\/index.php\/wp-json\/wp\/v2\/posts\/2907\/revisions"}],"predecessor-version":[{"id":2909,"href":"https:\/\/elinformanteperu.com\/index.php\/wp-json\/wp\/v2\/posts\/2907\/revisions\/2909"}],"wp:featuredmedia":[{"embeddable":true,"href":"https:\/\/elinformanteperu.com\/index.php\/wp-json\/wp\/v2\/media\/2908"}],"wp:attachment":[{"href":"https:\/\/elinformanteperu.com\/index.php\/wp-json\/wp\/v2\/media?parent=2907"}],"wp:term":[{"taxonomy":"category","embeddable":true,"href":"https:\/\/elinformanteperu.com\/index.php\/wp-json\/wp\/v2\/categories?post=2907"},{"taxonomy":"post_tag","embeddable":true,"href":"https:\/\/elinformanteperu.com\/index.php\/wp-json\/wp\/v2\/tags?post=2907"}],"curies":[{"name":"wp","href":"https:\/\/api.w.org\/{rel}","templated":true}]}}