{"id":29039,"date":"2018-06-22T21:29:38","date_gmt":"2018-06-23T02:29:38","guid":{"rendered":"http:\/\/elinformanteperu.com\/?p=29039"},"modified":"2018-06-22T21:29:38","modified_gmt":"2018-06-23T02:29:38","slug":"cantante-estadounidense-ariana-grande-revela-portada-de-sweetener","status":"publish","type":"post","link":"https:\/\/elinformanteperu.com\/index.php\/2018\/06\/22\/cantante-estadounidense-ariana-grande-revela-portada-de-sweetener\/","title":{"rendered":"Cantante estadounidense Ariana Grande revela portada de Sweetener"},"content":{"rendered":"<p><strong><span style=\"color: #000000;\">La cantante Ariana Grande revel\u00f3 la portada de su \u00e1lbum Sweetener, junto a la canci\u00f3n The light is coming que se difunde en plataformas digitales.<\/span><\/strong><\/p>\n<p><span style=\"color: #000000;\"><strong>Los \u00c1ngeles, EE.UU., 22 de Junio, (PL).-<\/strong> La cantante estadounidense Ariana Grande revel\u00f3 la portada de su \u00e1lbum Sweetener, junto a la canci\u00f3n The light is coming que se difunde en plataformas digitales.<\/span><\/p>\n<p><span style=\"color: #000000;\">El tema, en colaboraci\u00f3n con la trinitense Nicki Minaj, es el nuevo avance de su cuarto disco de estudio que entrar\u00e1 en circulaci\u00f3n el 20 de julio a trav\u00e9s del sello discogr\u00e1fico Republic Records.<\/span><\/p>\n<p><span style=\"color: #000000;\">Otros artistas que participan en el fonograma son la rapera Missy Elliott, en la canci\u00f3n Borderline, y Pharrell Williams, en Blazed.<\/span><\/p>\n<p><span style=\"color: #000000;\">La int\u00e9rprete tambi\u00e9n dio a conocer que otra de las canciones de la placa, que podr\u00e1 reservarse a partir del 20 junio, llevar\u00e1 por t\u00edtulo Pete.<\/span><\/p>\n<p><span style=\"color: #000000;\">Seg\u00fan Grande, Sweetener ser\u00e1 un homenaje a las v\u00edctimas del atentado ocurrido en su concierto, en la ciudad brit\u00e1nica de Manchester, en mayo de 2017, en el que murieron 22 personas y cientos resultaron heridas.<\/span><\/p>\n<p>https:\/\/youtu.be\/EO1Wt62edK4<\/p>\n","protected":false},"excerpt":{"rendered":"<p>La cantante Ariana Grande revel\u00f3 la portada de su \u00e1lbum Sweetener, junto a la canci\u00f3n The light is coming que se difunde en plataformas digitales. Los \u00c1ngeles, EE.UU., 22 de Junio, (PL).- La cantante estadounidense Ariana Grande revel\u00f3 la portada de su \u00e1lbum Sweetener, junto a la canci\u00f3n The light is coming que se difunde [&hellip;]<\/p>\n","protected":false},"author":1,"featured_media":29041,"comment_status":"open","ping_status":"open","sticky":false,"template":"","format":"standard","meta":{"rop_custom_images_group":[],"rop_custom_messages_group":[],"rop_publish_now":"initial","rop_publish_now_accounts":[],"rop_publish_now_history":[],"rop_publish_now_status":"pending","footnotes":""},"categories":[69],"tags":[899],"class_list":["post-29039","post","type-post","status-publish","format-standard","has-post-thumbnail","hentry","category-musica","tag-ariana-grande"],"_links":{"self":[{"href":"https:\/\/elinformanteperu.com\/index.php\/wp-json\/wp\/v2\/posts\/29039","targetHints":{"allow":["GET"]}}],"collection":[{"href":"https:\/\/elinformanteperu.com\/index.php\/wp-json\/wp\/v2\/posts"}],"about":[{"href":"https:\/\/elinformanteperu.com\/index.php\/wp-json\/wp\/v2\/types\/post"}],"author":[{"embeddable":true,"href":"https:\/\/elinformanteperu.com\/index.php\/wp-json\/wp\/v2\/users\/1"}],"replies":[{"embeddable":true,"href":"https:\/\/elinformanteperu.com\/index.php\/wp-json\/wp\/v2\/comments?post=29039"}],"version-history":[{"count":1,"href":"https:\/\/elinformanteperu.com\/index.php\/wp-json\/wp\/v2\/posts\/29039\/revisions"}],"predecessor-version":[{"id":29042,"href":"https:\/\/elinformanteperu.com\/index.php\/wp-json\/wp\/v2\/posts\/29039\/revisions\/29042"}],"wp:featuredmedia":[{"embeddable":true,"href":"https:\/\/elinformanteperu.com\/index.php\/wp-json\/wp\/v2\/media\/29041"}],"wp:attachment":[{"href":"https:\/\/elinformanteperu.com\/index.php\/wp-json\/wp\/v2\/media?parent=29039"}],"wp:term":[{"taxonomy":"category","embeddable":true,"href":"https:\/\/elinformanteperu.com\/index.php\/wp-json\/wp\/v2\/categories?post=29039"},{"taxonomy":"post_tag","embeddable":true,"href":"https:\/\/elinformanteperu.com\/index.php\/wp-json\/wp\/v2\/tags?post=29039"}],"curies":[{"name":"wp","href":"https:\/\/api.w.org\/{rel}","templated":true}]}}