{"id":2893,"date":"2016-12-19T19:28:59","date_gmt":"2016-12-20T00:28:59","guid":{"rendered":"http:\/\/elinformanteperu.com\/?p=2893"},"modified":"2016-12-19T19:28:59","modified_gmt":"2016-12-20T00:28:59","slug":"ewan-mcgregor-debuta-como-director-en-el-fin-del-sueno-americano","status":"publish","type":"post","link":"https:\/\/elinformanteperu.com\/index.php\/2016\/12\/19\/ewan-mcgregor-debuta-como-director-en-el-fin-del-sueno-americano\/","title":{"rendered":"Ewan Mcgregor debuta como director en \u00abEl fin del sue\u00f1o americano\u00bb"},"content":{"rendered":"<p><strong>El reconocido actor escoc\u00e9s, Ewan Mcgregor regresa a la pantalla grande protagonizando \u00abEl fin del sue\u00f1o americano\u00bb\u00a0 en donde adem\u00e1s, debuta como director.<\/strong><\/p>\n<p><strong>Lima, 19 Diciembre 2016, (El Informante Per\u00fa).-<\/strong> El reconocido actor escoc\u00e9s, Ewan McGregor regresa a la pantalla grande protagonizando \u00abEl fin del sue\u00f1o americano\u00bb en donde adem\u00e1s, debuta como director de la pel\u00edcula luego de una larga carrera actoral. El largometraje se estrenar\u00e1 en todas las salas de nuestro pa\u00eds el 29 de diciembre.<\/p>\n<p>\u00ab\u200bEl fin del sue\u00f1o americano\u00bb es la adaptaci\u00f3n de una novela del premio Pulitzer, Philip Roth. La pel\u00edcula nos cuenta la historia de Seymour &#8216;\u200bEl Sueco&#8217; Levov (Ewan McGregor) y su esposa Dawn (Jennifer Connelly),\u200b \u200b que \u200bser\u00e1n victimas de la desestabilizaci\u00f3n pol\u00edtica estadounidense de los a\u00f1os 60\u200b,\u200b irrumpiendo\u200b en sus vidas despu\u00e9s de que su hija (Dakota Fanning) haya participado en un\u200b \u200b\u200bposible \u200b atentado contra una oficina de correos.\u200b<\/p>\n<p>\u00abNo me parec\u00eda que fuera a ser tan confuso\u00bb enfatiz\u00f3 McGregor luego de comentar que llevaba casi 3 a\u00f1os estudiando elpersonaje y analizando la vida de \u00abEl Sueco\u00bb y que luego le ofrecieran dirigir la pel\u00edcula sin perder la oportunidad de hacer ambas cosas.<\/p>\n<p>\u00ab\u200bEl fin del Sue\u00f1o Americano\u00bb se estrenar\u00e1 en nuestro pa\u00eds el 29 de diciembre gracias a Diamond Films Per\u00fa.<\/p>\n<p><iframe src=\"https:\/\/www.youtube-nocookie.com\/embed\/B7ZXzft9iho?rel=0&amp;controls=0&amp;showinfo=0\" width=\"560\" height=\"315\" frameborder=\"0\" allowfullscreen=\"allowfullscreen\"><\/iframe><\/p>\n","protected":false},"excerpt":{"rendered":"<p>El reconocido actor escoc\u00e9s, Ewan Mcgregor regresa a la pantalla grande protagonizando \u00abEl fin del sue\u00f1o americano\u00bb\u00a0 en donde adem\u00e1s, debuta como director. Lima, 19 Diciembre 2016, (El Informante Per\u00fa).- El reconocido actor escoc\u00e9s, Ewan McGregor regresa a la pantalla grande protagonizando \u00abEl fin del sue\u00f1o americano\u00bb en donde adem\u00e1s, debuta como director de la [&hellip;]<\/p>\n","protected":false},"author":1,"featured_media":2894,"comment_status":"open","ping_status":"open","sticky":false,"template":"","format":"standard","meta":{"rop_custom_images_group":[],"rop_custom_messages_group":[],"rop_publish_now":"initial","rop_publish_now_accounts":[],"rop_publish_now_history":[],"rop_publish_now_status":"pending","footnotes":""},"categories":[7],"tags":[488,573,571,572],"class_list":["post-2893","post","type-post","status-publish","format-standard","has-post-thumbnail","hentry","category-butaca","tag-cine","tag-diamond-films-peru","tag-el-fin-del-sueno-americano","tag-ewan-mcgregor"],"_links":{"self":[{"href":"https:\/\/elinformanteperu.com\/index.php\/wp-json\/wp\/v2\/posts\/2893","targetHints":{"allow":["GET"]}}],"collection":[{"href":"https:\/\/elinformanteperu.com\/index.php\/wp-json\/wp\/v2\/posts"}],"about":[{"href":"https:\/\/elinformanteperu.com\/index.php\/wp-json\/wp\/v2\/types\/post"}],"author":[{"embeddable":true,"href":"https:\/\/elinformanteperu.com\/index.php\/wp-json\/wp\/v2\/users\/1"}],"replies":[{"embeddable":true,"href":"https:\/\/elinformanteperu.com\/index.php\/wp-json\/wp\/v2\/comments?post=2893"}],"version-history":[{"count":1,"href":"https:\/\/elinformanteperu.com\/index.php\/wp-json\/wp\/v2\/posts\/2893\/revisions"}],"predecessor-version":[{"id":2895,"href":"https:\/\/elinformanteperu.com\/index.php\/wp-json\/wp\/v2\/posts\/2893\/revisions\/2895"}],"wp:featuredmedia":[{"embeddable":true,"href":"https:\/\/elinformanteperu.com\/index.php\/wp-json\/wp\/v2\/media\/2894"}],"wp:attachment":[{"href":"https:\/\/elinformanteperu.com\/index.php\/wp-json\/wp\/v2\/media?parent=2893"}],"wp:term":[{"taxonomy":"category","embeddable":true,"href":"https:\/\/elinformanteperu.com\/index.php\/wp-json\/wp\/v2\/categories?post=2893"},{"taxonomy":"post_tag","embeddable":true,"href":"https:\/\/elinformanteperu.com\/index.php\/wp-json\/wp\/v2\/tags?post=2893"}],"curies":[{"name":"wp","href":"https:\/\/api.w.org\/{rel}","templated":true}]}}