{"id":2888,"date":"2016-12-19T19:17:47","date_gmt":"2016-12-20T00:17:47","guid":{"rendered":"http:\/\/elinformanteperu.com\/?p=2888"},"modified":"2016-12-19T19:17:47","modified_gmt":"2016-12-20T00:17:47","slug":"homenaje-postumo-a-oficial-peruano-caido-en-batalla-del-alto-de-la-alianza-en-1880","status":"publish","type":"post","link":"https:\/\/elinformanteperu.com\/index.php\/2016\/12\/19\/homenaje-postumo-a-oficial-peruano-caido-en-batalla-del-alto-de-la-alianza-en-1880\/","title":{"rendered":"Homenaje p\u00f3stumo a oficial peruano ca\u00eddo en Batalla del Alto de la Alianza en 1880"},"content":{"rendered":"<p><strong>El ministro de Cultura particip\u00f3 en la ceremonia de homenaje p\u00f3stumo al oficial peruano ca\u00eddo en la Batalla del Alto de la Alianza durante la Guerra del Pac\u00edfico.<\/strong><\/p>\n<p><strong>Lima, 19 Diciembre 2016, (El Informante Per\u00fa).-<\/strong> El ministro de Cultura, Salvador del Solar particip\u00f3 en la ceremonia de homenaje p\u00f3stumo al oficial peruano ca\u00eddo en la Batalla del Alto de la Alianza en 1880 (Tacna) durante la Guerra del Pac\u00edfico, 136 a\u00f1os despu\u00e9s de su muerte y m\u00e1s de un a\u00f1o despu\u00e9s del hallazgo de su cuerpo por un equipo de arque\u00f3logos.<\/p>\n<p>Cabe precisar que los restos del oficial Peruano fueron rescatados durante la excavaci\u00f3n arqueol\u00f3gica realizada el a\u00f1o 2015 en el campo de la Batalla del Alto de la Alianza, en Tacna; a cargo de la arque\u00f3loga Milena Vega-Centeno, por encargo del Ministerio de Cultura y a pedido de la Canciller\u00eda Boliviana.<\/p>\n<p>Tras la ceremonia realizada en la sede de la Escuela Militar de Chorrillos, el ministro del Solar Labarthe destac\u00f3 que \u201ces un hallazgo simb\u00f3licamente importante de un peruano, que de alguna manera, nos representa a todos. Es un peruano que entreg\u00f3 su vida por nuestra patria y en el campo\u201d, a\u00f1adi\u00f3.<\/p>\n<p><img fetchpriority=\"high\" decoding=\"async\" class=\"size-full wp-image-2890 aligncenter\" src=\"http:\/\/elinformanteperu.com\/wp-content\/uploads\/2016\/12\/cultura-oficial-caido2.jpg\" alt=\"\" width=\"957\" height=\"638\" srcset=\"https:\/\/elinformanteperu.com\/wp-content\/uploads\/2016\/12\/cultura-oficial-caido2.jpg 957w, https:\/\/elinformanteperu.com\/wp-content\/uploads\/2016\/12\/cultura-oficial-caido2-300x200.jpg 300w, https:\/\/elinformanteperu.com\/wp-content\/uploads\/2016\/12\/cultura-oficial-caido2-768x512.jpg 768w, https:\/\/elinformanteperu.com\/wp-content\/uploads\/2016\/12\/cultura-oficial-caido2-128x85.jpg 128w, https:\/\/elinformanteperu.com\/wp-content\/uploads\/2016\/12\/cultura-oficial-caido2-32x21.jpg 32w\" sizes=\"(max-width: 957px) 100vw, 957px\" \/><br \/>\nA su turno, la arque\u00f3loga Milena Vega-Centeno precis\u00f3 que el militar peruano hallado, al que cari\u00f1osamente han llamado \u201cFelipe\u201d durante casi ya dos a\u00f1os de investigaci\u00f3n, se sabe con certeza que es un combatiente peruano, un oficial de Infanter\u00eda de unos 30 a\u00f1os, diestro y de 1.65 metros de estatura.<\/p>\n<p>\u201cPersonajes como \u00e9l no debe quedar enterrados en nuestra indiferencia. Por esa raz\u00f3n, por la memoria de Felipe y de los miles de hombres con uniforme o sin \u00e9l, que lucharon y cayeron en batalla, por el honor nacional en la Guerra del Pac\u00edfico\u201d, asever\u00f3.<\/p>\n<p>La arque\u00f3loga Milena Vega-Centeno invoc\u00f3 al ministro de Cultura a considerar la delimitaci\u00f3n de los campos de batalla ya que son espacios territoriales que contribuyen a forjar identidad, memoria y sentido de pertenencia. Asimismo que apoye firmemente al cine nacional y se haga posible la continuidad de la saga \u201cGloria del Pac\u00edfico\u201d en su segunda pel\u00edcula \u201cC\u00e1ceres, el brujo de los andes\u201d.<\/p>\n<p><strong>Importante<\/strong><\/p>\n<p>El homenaje, presidido por el ministro de Defensa, Jorge Nieto, se inici\u00f3 con el traslado de los restos del Oficial peruano desde la Compa\u00f1\u00eda de Bomberos Garibaldi N\u00b0 6 hasta la Escuela Militar de Chorrillos; que se realiz\u00f3 con los honores militares correspondientes y el saludo de cadetes de las tres Fuerzas Armadas apostados a lo largo de la ruta.<\/p>\n<p>El acto cont\u00f3 con la presencia del Jefe del Comando Conjunto de las Fuerzas Armadas y del Almirante Jorge Flores Moscoso; del Comandante General del Ej\u00e9rcito, General Luis Ramos Hume y el Comandante General de la Fuerza A\u00e9rea del Per\u00fa (FAP) Dante Antonio Ar\u00e9valo Abate.<\/p>\n<p><img decoding=\"async\" class=\"size-full wp-image-2891 aligncenter\" src=\"http:\/\/elinformanteperu.com\/wp-content\/uploads\/2016\/12\/cultura-oficial-caido1.jpg\" alt=\"\" width=\"957\" height=\"638\" srcset=\"https:\/\/elinformanteperu.com\/wp-content\/uploads\/2016\/12\/cultura-oficial-caido1.jpg 957w, https:\/\/elinformanteperu.com\/wp-content\/uploads\/2016\/12\/cultura-oficial-caido1-300x200.jpg 300w, https:\/\/elinformanteperu.com\/wp-content\/uploads\/2016\/12\/cultura-oficial-caido1-768x512.jpg 768w, https:\/\/elinformanteperu.com\/wp-content\/uploads\/2016\/12\/cultura-oficial-caido1-128x85.jpg 128w, https:\/\/elinformanteperu.com\/wp-content\/uploads\/2016\/12\/cultura-oficial-caido1-32x21.jpg 32w\" sizes=\"(max-width: 957px) 100vw, 957px\" \/><\/p>\n","protected":false},"excerpt":{"rendered":"<p>El ministro de Cultura particip\u00f3 en la ceremonia de homenaje p\u00f3stumo al oficial peruano ca\u00eddo en la Batalla del Alto de la Alianza durante la Guerra del Pac\u00edfico. Lima, 19 Diciembre 2016, (El Informante Per\u00fa).- El ministro de Cultura, Salvador del Solar particip\u00f3 en la ceremonia de homenaje p\u00f3stumo al oficial peruano ca\u00eddo en la [&hellip;]<\/p>\n","protected":false},"author":1,"featured_media":2889,"comment_status":"open","ping_status":"open","sticky":false,"template":"","format":"standard","meta":{"rop_custom_images_group":[],"rop_custom_messages_group":[],"rop_publish_now":"initial","rop_publish_now_accounts":[],"rop_publish_now_history":[],"rop_publish_now_status":"pending","footnotes":""},"categories":[10],"tags":[105,473],"class_list":["post-2888","post","type-post","status-publish","format-standard","has-post-thumbnail","hentry","category-actualidad-municipal","tag-ministerio-de-cultura","tag-salvador-del-solar"],"_links":{"self":[{"href":"https:\/\/elinformanteperu.com\/index.php\/wp-json\/wp\/v2\/posts\/2888","targetHints":{"allow":["GET"]}}],"collection":[{"href":"https:\/\/elinformanteperu.com\/index.php\/wp-json\/wp\/v2\/posts"}],"about":[{"href":"https:\/\/elinformanteperu.com\/index.php\/wp-json\/wp\/v2\/types\/post"}],"author":[{"embeddable":true,"href":"https:\/\/elinformanteperu.com\/index.php\/wp-json\/wp\/v2\/users\/1"}],"replies":[{"embeddable":true,"href":"https:\/\/elinformanteperu.com\/index.php\/wp-json\/wp\/v2\/comments?post=2888"}],"version-history":[{"count":1,"href":"https:\/\/elinformanteperu.com\/index.php\/wp-json\/wp\/v2\/posts\/2888\/revisions"}],"predecessor-version":[{"id":2892,"href":"https:\/\/elinformanteperu.com\/index.php\/wp-json\/wp\/v2\/posts\/2888\/revisions\/2892"}],"wp:featuredmedia":[{"embeddable":true,"href":"https:\/\/elinformanteperu.com\/index.php\/wp-json\/wp\/v2\/media\/2889"}],"wp:attachment":[{"href":"https:\/\/elinformanteperu.com\/index.php\/wp-json\/wp\/v2\/media?parent=2888"}],"wp:term":[{"taxonomy":"category","embeddable":true,"href":"https:\/\/elinformanteperu.com\/index.php\/wp-json\/wp\/v2\/categories?post=2888"},{"taxonomy":"post_tag","embeddable":true,"href":"https:\/\/elinformanteperu.com\/index.php\/wp-json\/wp\/v2\/tags?post=2888"}],"curies":[{"name":"wp","href":"https:\/\/api.w.org\/{rel}","templated":true}]}}