{"id":2882,"date":"2016-12-19T11:33:04","date_gmt":"2016-12-19T16:33:04","guid":{"rendered":"http:\/\/elinformanteperu.com\/?p=2882"},"modified":"2016-12-19T11:33:38","modified_gmt":"2016-12-19T16:33:38","slug":"presidente-se-reunira-con-lideres-del-apra-y-app-esta-semana","status":"publish","type":"post","link":"https:\/\/elinformanteperu.com\/index.php\/2016\/12\/19\/presidente-se-reunira-con-lideres-del-apra-y-app-esta-semana\/","title":{"rendered":"Presidente se reunir\u00e1 con l\u00edderes del APRA y APP esta semana"},"content":{"rendered":"<p><strong>El jefe del Estado, Pedro Pablo Kuczynski, se reunir\u00e1 esta semana con los l\u00edderes del Partido Aprista y Alianza para el Progreso (APP),<\/strong><\/p>\n<p><strong>Iquitos, 19 Diciembre 2016, (ANDINA).-<\/strong> El jefe del Estado, Pedro Pablo Kuczynski, se reunir\u00e1 esta semana con los l\u00edderes del Partido Aprista y Alianza para el Progreso (APP), inform\u00f3 hoy el jefe del Gabinete Ministerial, Fernando Zavala, quien consider\u00f3 positivo el di\u00e1logo con las fuerzas pol\u00edticas.<\/p>\n<p>Seg\u00fan detall\u00f3 a la prensa, el encuentro del presidente Kuczynski con representantes del Apra ser\u00e1 el mi\u00e9rcoles, y con C\u00e9sar Acu\u00f1a, de APP, el pr\u00f3ximo viernes.<\/p>\n<p>Asimismo, dio cuenta de las coordinaciones para definir fechas con el Frente Amplio y Acci\u00f3n Popular.<\/p>\n<p>Zavala sostuvo que el encuentro de hoy entre el mandatario y Keiko Fujimori, de Fuerza Popular, es positivo y es algo que se esperaba, pero ser\u00e1 la primera de varias reuniones que sostendr\u00e1 el mandatario peruano.<\/p>\n<p>\u201cEso va a ayudar a establecer una agenda clara de lo que se quiere para el pa\u00eds. El presidente tiene una agenda de gobierno importante y es importante que el resto de los l\u00edderes la compartan y que todos trabajemos en unidad\u201d, indic\u00f3.<\/p>\n<p>Refiri\u00f3, adem\u00e1s, que uno de los objetivos es llevar las iniciativas surgidas de este di\u00e1logo al Acuerdo Nacional para trabajar all\u00ed en detalle los acuerdos que ayuden en el plan de gobierno.<\/p>\n<p>Por otro lado, reiter\u00f3 su saludo al nombramiento de Maril\u00fa Martens como ministra de Educaci\u00f3n, al recordar que trabaja seis a\u00f1os en el sector, tiene experiencia en el \u00e1mbito privado y conoce la reforma educativa.<\/p>\n<p>\u201cLa reforma educativa contin\u00faa y significar\u00e1 un mejor curr\u00edculo para los estudiantes, la revalorizaci\u00f3n del docente, mejor infraestructura y gesti\u00f3n en los colegios. Eso no se detiene\u201d, coment\u00f3 el jefe del Gabinete.<\/p>\n<p>\u201cSomos un gobierno que dialoga y eso significa recibir propuestas constructivas, si hay una propuesta interesante se va a tener que evaluar\u201d, agreg\u00f3.<\/p>\n<p>Zavala brind\u00f3 estas declaraciones desde la regi\u00f3n Loreto, a donde lleg\u00f3 para visitar la localidad de Saramurillo, con la cual se firmaron acuerdos para la remediaci\u00f3n ambiental en las zonas impactadas por la actividad petrolera.<\/p>\n<p>\u201cEl mensaje del presidente ha sido claro sobre la forma de actuar del Gobierno. Debemos estar cerca del ciudadano\u201d, indic\u00f3 al referir que conocer la realidad del pa\u00eds es la base para la formulaci\u00f3n de pol\u00edticas p\u00fablicas.<\/p>\n<p>Acompa\u00f1an a Zavala los ministros de Justicia, Marisol P\u00e9rez Tello, y de la Producci\u00f3n, Bruno Giuffra.<\/p>\n","protected":false},"excerpt":{"rendered":"<p>El jefe del Estado, Pedro Pablo Kuczynski, se reunir\u00e1 esta semana con los l\u00edderes del Partido Aprista y Alianza para el Progreso (APP), Iquitos, 19 Diciembre 2016, (ANDINA).- El jefe del Estado, Pedro Pablo Kuczynski, se reunir\u00e1 esta semana con los l\u00edderes del Partido Aprista y Alianza para el Progreso (APP), inform\u00f3 hoy el jefe [&hellip;]<\/p>\n","protected":false},"author":1,"featured_media":2883,"comment_status":"open","ping_status":"open","sticky":false,"template":"","format":"standard","meta":{"rop_custom_images_group":[],"rop_custom_messages_group":[],"rop_publish_now":"initial","rop_publish_now_accounts":[],"rop_publish_now_history":[],"rop_publish_now_status":"pending","footnotes":""},"categories":[5],"tags":[275,276,555,75,189],"class_list":["post-2882","post","type-post","status-publish","format-standard","has-post-thumbnail","hentry","category-actualidad-informativa","tag-alianza-para-el-progreso","tag-app","tag-apra","tag-fernando-zavala","tag-pcm"],"_links":{"self":[{"href":"https:\/\/elinformanteperu.com\/index.php\/wp-json\/wp\/v2\/posts\/2882","targetHints":{"allow":["GET"]}}],"collection":[{"href":"https:\/\/elinformanteperu.com\/index.php\/wp-json\/wp\/v2\/posts"}],"about":[{"href":"https:\/\/elinformanteperu.com\/index.php\/wp-json\/wp\/v2\/types\/post"}],"author":[{"embeddable":true,"href":"https:\/\/elinformanteperu.com\/index.php\/wp-json\/wp\/v2\/users\/1"}],"replies":[{"embeddable":true,"href":"https:\/\/elinformanteperu.com\/index.php\/wp-json\/wp\/v2\/comments?post=2882"}],"version-history":[{"count":1,"href":"https:\/\/elinformanteperu.com\/index.php\/wp-json\/wp\/v2\/posts\/2882\/revisions"}],"predecessor-version":[{"id":2884,"href":"https:\/\/elinformanteperu.com\/index.php\/wp-json\/wp\/v2\/posts\/2882\/revisions\/2884"}],"wp:featuredmedia":[{"embeddable":true,"href":"https:\/\/elinformanteperu.com\/index.php\/wp-json\/wp\/v2\/media\/2883"}],"wp:attachment":[{"href":"https:\/\/elinformanteperu.com\/index.php\/wp-json\/wp\/v2\/media?parent=2882"}],"wp:term":[{"taxonomy":"category","embeddable":true,"href":"https:\/\/elinformanteperu.com\/index.php\/wp-json\/wp\/v2\/categories?post=2882"},{"taxonomy":"post_tag","embeddable":true,"href":"https:\/\/elinformanteperu.com\/index.php\/wp-json\/wp\/v2\/tags?post=2882"}],"curies":[{"name":"wp","href":"https:\/\/api.w.org\/{rel}","templated":true}]}}