{"id":2879,"date":"2016-12-19T11:30:22","date_gmt":"2016-12-19T16:30:22","guid":{"rendered":"http:\/\/elinformanteperu.com\/?p=2879"},"modified":"2016-12-19T11:30:22","modified_gmt":"2016-12-19T16:30:22","slug":"educacion-es-una-prioridad-en-la-agenda-del-pais-destaca-ministra-martens","status":"publish","type":"post","link":"https:\/\/elinformanteperu.com\/index.php\/2016\/12\/19\/educacion-es-una-prioridad-en-la-agenda-del-pais-destaca-ministra-martens\/","title":{"rendered":"Educaci\u00f3n es una prioridad en la agenda del pa\u00eds, destaca ministra Martens"},"content":{"rendered":"<p><strong>La educaci\u00f3n constituye una prioridad en la agenda del pa\u00eds, sostuvo la ministra del sector, Maril\u00fa Martens, quien se\u00f1al\u00f3 que los retos de su gesti\u00f3n pasan por mantener los esfuerzos.<\/strong><\/p>\n<p><strong>Lima, 19 Diciembre 2016, (ANDINA).-<\/strong> La educaci\u00f3n constituye una prioridad en la agenda del pa\u00eds, sostuvo la ministra del sector, Maril\u00fa Martens, quien se\u00f1al\u00f3 que los retos de su gesti\u00f3n pasan por mantener y redoblar los esfuerzos por el compromiso que se tiene con los estudiantes, maestros y padres de familia.<\/p>\n<p>\u201cVamos a seguir con el compromiso con todos, no bajaremos un mil\u00edmetro, vamos a seguir y si podemos doblaremos los esfuerzos, tenemos que seguir adelante (\u2026) Tenemos a la educaci\u00f3n priorizada en la agenda de todos los peruanos\u201d, se\u00f1al\u00f3 en RPP.<\/p>\n<p>\u201cTenemos un gran compromiso con siete millones de estudiantes de b\u00e1sica regular. Es nuestro reto seguir en la l\u00ednea del avance\u201d, a\u00f1adi\u00f3 al comentar que otra de las prioridades inmediatas ser\u00e1 la implementaci\u00f3n de Curr\u00edculo Nacional.<\/p>\n<p>Martens felicit\u00f3 tambi\u00e9n a los docentes por los resultados de la prueba PISA, que revel\u00f3 un avance en la educaci\u00f3n del pa\u00eds, y dijo que no se debe tener la menor duda sobre la calidad, veracidad y transparencia de dicho examen.<\/p>\n<p>Los resultados, a\u00f1adi\u00f3, son el reflejo del esfuerzo de los docentes, estudiantes y padres de familia. \u201cEstamos avanzando\u201d, manifest\u00f3.<\/p>\n<p>Asimismo, record\u00f3 que con su predecesor en el cargo, Jaime Saavedra, se ha trabajado para fortalecer el sistema educativo con la jornada escolar completa en secundaria, la educaci\u00f3n primaria y la carrera de los maestros.<\/p>\n<p>\u201cEstamos en la l\u00ednea que nos ha permitido tener resultados evidentes, de mejora evidente\u201d, indic\u00f3 al remarcar que ello se demuestra en el proceso de ense\u00f1anza y en el rendimiento de los estudiantes.<\/p>\n<p>La ministra se\u00f1al\u00f3, adem\u00e1s, la necesidad de seguir fortaleciendo la calidad en la escuela p\u00fablica y que la oferta en el sector privado sea mayoritariamente buena.<\/p>\n","protected":false},"excerpt":{"rendered":"<p>La educaci\u00f3n constituye una prioridad en la agenda del pa\u00eds, sostuvo la ministra del sector, Maril\u00fa Martens, quien se\u00f1al\u00f3 que los retos de su gesti\u00f3n pasan por mantener los esfuerzos. Lima, 19 Diciembre 2016, (ANDINA).- La educaci\u00f3n constituye una prioridad en la agenda del pa\u00eds, sostuvo la ministra del sector, Maril\u00fa Martens, quien se\u00f1al\u00f3 que [&hellip;]<\/p>\n","protected":false},"author":1,"featured_media":2880,"comment_status":"open","ping_status":"open","sticky":false,"template":"","format":"standard","meta":{"rop_custom_images_group":[],"rop_custom_messages_group":[],"rop_publish_now":"initial","rop_publish_now_accounts":[],"rop_publish_now_history":[],"rop_publish_now_status":"pending","footnotes":""},"categories":[5],"tags":[286,567],"class_list":["post-2879","post","type-post","status-publish","format-standard","has-post-thumbnail","hentry","category-actualidad-informativa","tag-jaime-saavedra","tag-marilu-martens"],"_links":{"self":[{"href":"https:\/\/elinformanteperu.com\/index.php\/wp-json\/wp\/v2\/posts\/2879","targetHints":{"allow":["GET"]}}],"collection":[{"href":"https:\/\/elinformanteperu.com\/index.php\/wp-json\/wp\/v2\/posts"}],"about":[{"href":"https:\/\/elinformanteperu.com\/index.php\/wp-json\/wp\/v2\/types\/post"}],"author":[{"embeddable":true,"href":"https:\/\/elinformanteperu.com\/index.php\/wp-json\/wp\/v2\/users\/1"}],"replies":[{"embeddable":true,"href":"https:\/\/elinformanteperu.com\/index.php\/wp-json\/wp\/v2\/comments?post=2879"}],"version-history":[{"count":1,"href":"https:\/\/elinformanteperu.com\/index.php\/wp-json\/wp\/v2\/posts\/2879\/revisions"}],"predecessor-version":[{"id":2881,"href":"https:\/\/elinformanteperu.com\/index.php\/wp-json\/wp\/v2\/posts\/2879\/revisions\/2881"}],"wp:featuredmedia":[{"embeddable":true,"href":"https:\/\/elinformanteperu.com\/index.php\/wp-json\/wp\/v2\/media\/2880"}],"wp:attachment":[{"href":"https:\/\/elinformanteperu.com\/index.php\/wp-json\/wp\/v2\/media?parent=2879"}],"wp:term":[{"taxonomy":"category","embeddable":true,"href":"https:\/\/elinformanteperu.com\/index.php\/wp-json\/wp\/v2\/categories?post=2879"},{"taxonomy":"post_tag","embeddable":true,"href":"https:\/\/elinformanteperu.com\/index.php\/wp-json\/wp\/v2\/tags?post=2879"}],"curies":[{"name":"wp","href":"https:\/\/api.w.org\/{rel}","templated":true}]}}