{"id":28635,"date":"2018-06-15T20:38:58","date_gmt":"2018-06-16T01:38:58","guid":{"rendered":"http:\/\/elinformanteperu.com\/?p=28635"},"modified":"2018-06-15T20:38:58","modified_gmt":"2018-06-16T01:38:58","slug":"santos-blanco-el-rubio-de-locomia-murio-a-los-46-anos","status":"publish","type":"post","link":"https:\/\/elinformanteperu.com\/index.php\/2018\/06\/15\/santos-blanco-el-rubio-de-locomia-murio-a-los-46-anos\/","title":{"rendered":"Santos Blanco, el rubio de Locom\u00eda, muri\u00f3 a los 46 a\u00f1os"},"content":{"rendered":"<p><strong><span style=\"color: #000000;\">Santos Blanco L\u00f3pez, exmiembro de Locom\u00eda y conocido por el \u00fanico rubio de la formaci\u00f3n, muri\u00f3 a los 46 a\u00f1os seg\u00fan ha informado la empresa que representa\u00a0 a la banda.<\/span><\/strong><\/p>\n<p><span style=\"color: #000000;\"><strong>Lima, 15 de Junio, (ANDINA).-<\/strong> Santos Blanco L\u00f3pez, exmiembro de Locom\u00eda y conocido por el \u00fanico rubio de la formaci\u00f3n, muri\u00f3 a los 46 a\u00f1os seg\u00fan ha informado la empresa que representa actualmente a la banda de electro pop, Tarr\u00e9 Management. Jordi Tarr\u00e9, representante del grupo.<\/span><\/p>\n<p><span style=\"color: #000000;\">La triste noticia se dio a conocer a trav\u00e9s del testimonio de la familia, quien confirm\u00f3 que el cantante hab\u00eda perdido la vida al parecer la tarde del pasado mi\u00e9rcoles en su casa. \u00abNo se despert\u00f3. No sabemos m\u00e1s\u00bb, han a\u00f1adido para no ahondar en detalles de si el artista se encontraba bien de salud o padec\u00eda alguna enfermedad.<\/span><\/p>\n<p><span style=\"color: #000000;\">Tarr\u00e9, el manager dle grupo, tambi\u00e9n ha explicado que las primeras informaciones sobre su fallecimiento le llegaron a trav\u00e9s de una fan de Uruguay que manten\u00eda contacto con Santos, quien resid\u00eda en Gij\u00f3n y que hab\u00eda abandonado el mundo de la m\u00fasica, cuando les pidi\u00f3 que confirmaran que estaba bien en contra de los rumores que circulaban por internet.<\/span><\/p>\n<p><span style=\"color: #000000;\">Tras confirmar la noticia, el manager confirm\u00f3 que todos han \u00abquedado en shock\u00bb.<\/span><\/p>\n<p><iframe title=\"LOCOMIA &quot;LOCO VOX&quot;\" width=\"615\" height=\"461\" src=\"https:\/\/www.youtube.com\/embed\/LGQDpIa-8BQ?feature=oembed\" frameborder=\"0\" allow=\"accelerometer; autoplay; clipboard-write; encrypted-media; gyroscope; picture-in-picture; web-share\" referrerpolicy=\"strict-origin-when-cross-origin\" allowfullscreen><\/iframe><\/p>\n","protected":false},"excerpt":{"rendered":"<p>Santos Blanco L\u00f3pez, exmiembro de Locom\u00eda y conocido por el \u00fanico rubio de la formaci\u00f3n, muri\u00f3 a los 46 a\u00f1os seg\u00fan ha informado la empresa que representa\u00a0 a la banda. Lima, 15 de Junio, (ANDINA).- Santos Blanco L\u00f3pez, exmiembro de Locom\u00eda y conocido por el \u00fanico rubio de la formaci\u00f3n, muri\u00f3 a los 46 a\u00f1os [&hellip;]<\/p>\n","protected":false},"author":1,"featured_media":28637,"comment_status":"open","ping_status":"open","sticky":false,"template":"","format":"standard","meta":{"rop_custom_images_group":[],"rop_custom_messages_group":[],"rop_publish_now":"initial","rop_publish_now_accounts":[],"rop_publish_now_history":[],"rop_publish_now_status":"pending","footnotes":""},"categories":[69],"tags":[3255,3256],"class_list":["post-28635","post","type-post","status-publish","format-standard","has-post-thumbnail","hentry","category-musica","tag-locomia","tag-santos-blanco-lopez"],"_links":{"self":[{"href":"https:\/\/elinformanteperu.com\/index.php\/wp-json\/wp\/v2\/posts\/28635","targetHints":{"allow":["GET"]}}],"collection":[{"href":"https:\/\/elinformanteperu.com\/index.php\/wp-json\/wp\/v2\/posts"}],"about":[{"href":"https:\/\/elinformanteperu.com\/index.php\/wp-json\/wp\/v2\/types\/post"}],"author":[{"embeddable":true,"href":"https:\/\/elinformanteperu.com\/index.php\/wp-json\/wp\/v2\/users\/1"}],"replies":[{"embeddable":true,"href":"https:\/\/elinformanteperu.com\/index.php\/wp-json\/wp\/v2\/comments?post=28635"}],"version-history":[{"count":1,"href":"https:\/\/elinformanteperu.com\/index.php\/wp-json\/wp\/v2\/posts\/28635\/revisions"}],"predecessor-version":[{"id":28638,"href":"https:\/\/elinformanteperu.com\/index.php\/wp-json\/wp\/v2\/posts\/28635\/revisions\/28638"}],"wp:featuredmedia":[{"embeddable":true,"href":"https:\/\/elinformanteperu.com\/index.php\/wp-json\/wp\/v2\/media\/28637"}],"wp:attachment":[{"href":"https:\/\/elinformanteperu.com\/index.php\/wp-json\/wp\/v2\/media?parent=28635"}],"wp:term":[{"taxonomy":"category","embeddable":true,"href":"https:\/\/elinformanteperu.com\/index.php\/wp-json\/wp\/v2\/categories?post=28635"},{"taxonomy":"post_tag","embeddable":true,"href":"https:\/\/elinformanteperu.com\/index.php\/wp-json\/wp\/v2\/tags?post=28635"}],"curies":[{"name":"wp","href":"https:\/\/api.w.org\/{rel}","templated":true}]}}