{"id":2861,"date":"2016-12-19T11:12:52","date_gmt":"2016-12-19T16:12:52","guid":{"rendered":"http:\/\/elinformanteperu.com\/?p=2861"},"modified":"2016-12-19T11:12:52","modified_gmt":"2016-12-19T16:12:52","slug":"peru-cuenta-por-primera-vez-en-su-historia-con-dos-generales-mujeres-de-la-policia","status":"publish","type":"post","link":"https:\/\/elinformanteperu.com\/index.php\/2016\/12\/19\/peru-cuenta-por-primera-vez-en-su-historia-con-dos-generales-mujeres-de-la-policia\/","title":{"rendered":"Per\u00fa cuenta por primera vez en su historia con dos generales mujeres de la Polic\u00eda"},"content":{"rendered":"<p><strong>La Polic\u00eda Nacional del Per\u00fa (PNP) cuenta, por primera vez en su historia, con dos generales mujeres, y la instituci\u00f3n va en el camino de la modernizaci\u00f3n.<\/strong><\/p>\n<p><strong>Lima, 18 Diciembre 2016, (ANDINA).<\/strong>&#8211; La Polic\u00eda Nacional del Per\u00fa (PNP) cuenta, por primera vez en su historia, con dos generales mujeres, y la instituci\u00f3n va en el camino de la modernizaci\u00f3n, manifest\u00f3 el ministro del Interior, Carlos Basombr\u00edo.<\/p>\n<p>Tras participar en una actividad por la Familia chalaca, en la zona de Chucuito, Basombr\u00edo, se\u00f1al\u00f3 que las dos nuevas generalas, ascendidas por resoluciones supremas publicadas hoy en El Peruano, son j\u00f3venes y son de profesi\u00f3n cirujana y abogada.<\/p>\n<p>\u201cQuiero darle la buena noticia al pa\u00eds de que por primera vez en la historia de la Polic\u00eda tenemos dos generales mujeres, todav\u00eda en el \u00e1rea de servicio, porque las oficiales de armas son j\u00f3venes todav\u00eda: una cirujana y una abogada\u201d, anot\u00f3.<\/p>\n<p>Se trata de la general de Servicios M\u00e9dico Mar\u00eda El\u00edzabeth Jacqueline Hinostroza Pereyra y de la general de Servicios abogado \u00c1ngela Giovanna Garc\u00eda Estaci\u00f3n.<\/p>\n<p>Confirm\u00f3 asimismo la oficializaci\u00f3n de 10 ascensos a generales de armas en la Polic\u00eda Nacional, y dos de servicio, as\u00ed como de 3 nuevos tenientes generales<\/p>\n<p>\u201cFalta todav\u00eda el proceso de salida de los que ya se est\u00e1n yendo, porque no vamos a aumentar el n\u00famero, ser\u00eda el colmo, contrariar\u00eda todo lo que he predicado\u201d, asever\u00f3.<\/p>\n<p>De otro lado, anunci\u00f3 que su gesti\u00f3n est\u00e1 trabajando para hacer un cambio revolucionario de las comisar\u00edas, para que sean amables y se acerquen m\u00e1s al ciudadano.<\/p>\n<p>\u201cNo puede ser que cuando uno se va a una comisar\u00eda se sienta mal. Ese es el cambio m\u00e1s importante institucional que tenemos que hacer en la Polic\u00eda\u201d, recalc\u00f3.<\/p>\n","protected":false},"excerpt":{"rendered":"<p>La Polic\u00eda Nacional del Per\u00fa (PNP) cuenta, por primera vez en su historia, con dos generales mujeres, y la instituci\u00f3n va en el camino de la modernizaci\u00f3n. Lima, 18 Diciembre 2016, (ANDINA).&#8211; La Polic\u00eda Nacional del Per\u00fa (PNP) cuenta, por primera vez en su historia, con dos generales mujeres, y la instituci\u00f3n va en el [&hellip;]<\/p>\n","protected":false},"author":1,"featured_media":2862,"comment_status":"open","ping_status":"open","sticky":false,"template":"","format":"standard","meta":{"rop_custom_images_group":[],"rop_custom_messages_group":[],"rop_publish_now":"initial","rop_publish_now_accounts":[],"rop_publish_now_history":[],"rop_publish_now_status":"pending","footnotes":""},"categories":[10],"tags":[212,280,438],"class_list":["post-2861","post","type-post","status-publish","format-standard","has-post-thumbnail","hentry","category-actualidad-municipal","tag-carlos-basombrio","tag-ministerio-del-interior","tag-pnp"],"_links":{"self":[{"href":"https:\/\/elinformanteperu.com\/index.php\/wp-json\/wp\/v2\/posts\/2861","targetHints":{"allow":["GET"]}}],"collection":[{"href":"https:\/\/elinformanteperu.com\/index.php\/wp-json\/wp\/v2\/posts"}],"about":[{"href":"https:\/\/elinformanteperu.com\/index.php\/wp-json\/wp\/v2\/types\/post"}],"author":[{"embeddable":true,"href":"https:\/\/elinformanteperu.com\/index.php\/wp-json\/wp\/v2\/users\/1"}],"replies":[{"embeddable":true,"href":"https:\/\/elinformanteperu.com\/index.php\/wp-json\/wp\/v2\/comments?post=2861"}],"version-history":[{"count":1,"href":"https:\/\/elinformanteperu.com\/index.php\/wp-json\/wp\/v2\/posts\/2861\/revisions"}],"predecessor-version":[{"id":2863,"href":"https:\/\/elinformanteperu.com\/index.php\/wp-json\/wp\/v2\/posts\/2861\/revisions\/2863"}],"wp:featuredmedia":[{"embeddable":true,"href":"https:\/\/elinformanteperu.com\/index.php\/wp-json\/wp\/v2\/media\/2862"}],"wp:attachment":[{"href":"https:\/\/elinformanteperu.com\/index.php\/wp-json\/wp\/v2\/media?parent=2861"}],"wp:term":[{"taxonomy":"category","embeddable":true,"href":"https:\/\/elinformanteperu.com\/index.php\/wp-json\/wp\/v2\/categories?post=2861"},{"taxonomy":"post_tag","embeddable":true,"href":"https:\/\/elinformanteperu.com\/index.php\/wp-json\/wp\/v2\/tags?post=2861"}],"curies":[{"name":"wp","href":"https:\/\/api.w.org\/{rel}","templated":true}]}}