{"id":2849,"date":"2016-12-19T01:49:48","date_gmt":"2016-12-19T06:49:48","guid":{"rendered":"http:\/\/elinformanteperu.com\/?p=2849"},"modified":"2016-12-19T01:49:48","modified_gmt":"2016-12-19T06:49:48","slug":"esperamos-que-ministra-martens-profundice-reformas-afirma-fp","status":"publish","type":"post","link":"https:\/\/elinformanteperu.com\/index.php\/2016\/12\/19\/esperamos-que-ministra-martens-profundice-reformas-afirma-fp\/","title":{"rendered":"Esperamos que ministra Martens profundice reformas, afirma FP"},"content":{"rendered":"<p><strong>El vocero de Fuerza Popular (FP), Luis Galarreta, dijo esperar que la nueva ministra de Educaci\u00f3n, Maril\u00fa Martens profundice las reformas en su sector y le deseo suerte.<\/strong><\/p>\n<p><strong>Lima, 18 Diciembre 2016, (ANDINA).-<\/strong> El vocero de Fuerza Popular (FP), Luis Galarreta, dijo esperar que la nueva ministra de Educaci\u00f3n, Maril\u00fa Martens profundice las reformas en su sector y le deseo suerte en la nueva responsabilidad que ha asumido.<\/p>\n<p>\u201cDebe conocer el sector y deseamos que le vaya bien y que pueda profundizar las reformas. Vamos a ver c\u00f3mo es su entorno y cu\u00e1les son las prioridades\u00bb, coment\u00f3 en RPP.<\/p>\n<p>Galarreta dijo esperar tambi\u00e9n que en los pr\u00f3ximos d\u00edas la nueva ministra Martens informe al Congreso sobre su plan de trabajo.<\/p>\n<p>Reiter\u00f3 que detr\u00e1s de la censura al exmnistro Saavedra no hubo un tema pol\u00edtico, sino una prerrogativa del Congreso de efectuar su labor de control pol\u00edtico.<\/p>\n<p>\u201cPor eso hacemos control y creemos que las reformas tienen que seguir y profundizarse, como en el nivel inicial y primario. (\u2026) Esperamos que las reformas lleguen a mejor puerto, sin corrupci\u00f3n de por medio\u201d, a\u00f1adi\u00f3.<\/p>\n","protected":false},"excerpt":{"rendered":"<p>El vocero de Fuerza Popular (FP), Luis Galarreta, dijo esperar que la nueva ministra de Educaci\u00f3n, Maril\u00fa Martens profundice las reformas en su sector y le deseo suerte. Lima, 18 Diciembre 2016, (ANDINA).- El vocero de Fuerza Popular (FP), Luis Galarreta, dijo esperar que la nueva ministra de Educaci\u00f3n, Maril\u00fa Martens profundice las reformas en [&hellip;]<\/p>\n","protected":false},"author":1,"featured_media":2772,"comment_status":"open","ping_status":"open","sticky":false,"template":"","format":"standard","meta":{"rop_custom_images_group":[],"rop_custom_messages_group":[],"rop_publish_now":"initial","rop_publish_now_accounts":[],"rop_publish_now_history":[],"rop_publish_now_status":"pending","footnotes":""},"categories":[5],"tags":[295,382,567],"class_list":["post-2849","post","type-post","status-publish","format-standard","has-post-thumbnail","hentry","category-actualidad-informativa","tag-fuerza-popular","tag-luis-galarreta","tag-marilu-martens"],"_links":{"self":[{"href":"https:\/\/elinformanteperu.com\/index.php\/wp-json\/wp\/v2\/posts\/2849","targetHints":{"allow":["GET"]}}],"collection":[{"href":"https:\/\/elinformanteperu.com\/index.php\/wp-json\/wp\/v2\/posts"}],"about":[{"href":"https:\/\/elinformanteperu.com\/index.php\/wp-json\/wp\/v2\/types\/post"}],"author":[{"embeddable":true,"href":"https:\/\/elinformanteperu.com\/index.php\/wp-json\/wp\/v2\/users\/1"}],"replies":[{"embeddable":true,"href":"https:\/\/elinformanteperu.com\/index.php\/wp-json\/wp\/v2\/comments?post=2849"}],"version-history":[{"count":1,"href":"https:\/\/elinformanteperu.com\/index.php\/wp-json\/wp\/v2\/posts\/2849\/revisions"}],"predecessor-version":[{"id":2850,"href":"https:\/\/elinformanteperu.com\/index.php\/wp-json\/wp\/v2\/posts\/2849\/revisions\/2850"}],"wp:featuredmedia":[{"embeddable":true,"href":"https:\/\/elinformanteperu.com\/index.php\/wp-json\/wp\/v2\/media\/2772"}],"wp:attachment":[{"href":"https:\/\/elinformanteperu.com\/index.php\/wp-json\/wp\/v2\/media?parent=2849"}],"wp:term":[{"taxonomy":"category","embeddable":true,"href":"https:\/\/elinformanteperu.com\/index.php\/wp-json\/wp\/v2\/categories?post=2849"},{"taxonomy":"post_tag","embeddable":true,"href":"https:\/\/elinformanteperu.com\/index.php\/wp-json\/wp\/v2\/tags?post=2849"}],"curies":[{"name":"wp","href":"https:\/\/api.w.org\/{rel}","templated":true}]}}