{"id":2846,"date":"2016-12-19T01:48:36","date_gmt":"2016-12-19T06:48:36","guid":{"rendered":"http:\/\/elinformanteperu.com\/?p=2846"},"modified":"2016-12-19T01:48:36","modified_gmt":"2016-12-19T06:48:36","slug":"reforma-educativa-sigue-intacta-y-estamos-en-la-ruta-correcta-asegura-zavala","status":"publish","type":"post","link":"https:\/\/elinformanteperu.com\/index.php\/2016\/12\/19\/reforma-educativa-sigue-intacta-y-estamos-en-la-ruta-correcta-asegura-zavala\/","title":{"rendered":"Reforma educativa sigue intacta y estamos en la ruta correcta, asegura Zavala"},"content":{"rendered":"<p><strong>El titular de la Presidencia del Consejo de Ministros (PCM), Fernando Zavala, asegur\u00f3 que la reforma educativa sigue intacta y subray\u00f3 que el gobierno contin\u00faa en la ruta correcta.<\/strong><\/p>\n<p><strong>Lima, 18 Diciembre 2016, (ANDINA).-<\/strong> El titular de la Presidencia del Consejo de Ministros (PCM), Fernando Zavala, asegur\u00f3 que la reforma educativa sigue intacta y subray\u00f3 que el gobierno contin\u00faa en la ruta correcta en la mejora de este sector, uno de los m\u00e1s importantes para el desarrollo del pa\u00eds.<\/p>\n<p>En conferencia de prensa realizada en la PCM, destac\u00f3 que la flamante ministra de Educaci\u00f3n, Maril\u00fa Martens, cuenta con una importante experiencia en el sector, tanto en el sector p\u00fablico como en el privado.<\/p>\n<p>\u201cComo hemos mencionado en varios momentos, la reforma en la educaci\u00f3n que se inici\u00f3 contin\u00faa, la reforma est\u00e1 intacta y estamos en la ruta correcta\u201d, manifest\u00f3.<\/p>\n<p>Zavala resalt\u00f3, adem\u00e1s, que la nueva ministra trabaj\u00f3 seis a\u00f1os en el Ministerio de Educaci\u00f3n, siendo parte, desde el inicio, del equipo que form\u00f3 el ex titular del sector, Jaime Saavedra.<\/p>\n<p>\u201cLa ministra ha sido parte de ese equipo que ha ayudado a transformar la educaci\u00f3n en el Per\u00fa, seguiremos trabajando duro todos los d\u00edas para seguir en ese camino\u201d, manifest\u00f3.<\/p>\n<p>Asimismo, mencion\u00f3 que la reforma educativa tiene cuatro pilares importantes: la revalorizaci\u00f3n del maestro a trav\u00e9s de la meritocracia; la mejora en el aprendizaje de los ni\u00f1os por medio de la curr\u00edcula escolar; la mejor gesti\u00f3n de las escuelas; y la mejora de la infraestructura educativa.<\/p>\n<p>\u00abSeguiremos en la ruta iniciada, hoy, adem\u00e1s, con m\u00e1s ah\u00ednco y ganas de que las cosas salgan a\u00fan mejor, seguiremos en esta ruta de m\u00e1s di\u00e1logo y trabajo concreto para todos los peruanos\u201d, a\u00f1adi\u00f3.<\/p>\n","protected":false},"excerpt":{"rendered":"<p>El titular de la Presidencia del Consejo de Ministros (PCM), Fernando Zavala, asegur\u00f3 que la reforma educativa sigue intacta y subray\u00f3 que el gobierno contin\u00faa en la ruta correcta. Lima, 18 Diciembre 2016, (ANDINA).- El titular de la Presidencia del Consejo de Ministros (PCM), Fernando Zavala, asegur\u00f3 que la reforma educativa sigue intacta y subray\u00f3 [&hellip;]<\/p>\n","protected":false},"author":1,"featured_media":2847,"comment_status":"open","ping_status":"open","sticky":false,"template":"","format":"standard","meta":{"rop_custom_images_group":[],"rop_custom_messages_group":[],"rop_publish_now":"initial","rop_publish_now_accounts":[],"rop_publish_now_history":[],"rop_publish_now_status":"pending","footnotes":""},"categories":[5],"tags":[75,286,567,189],"class_list":["post-2846","post","type-post","status-publish","format-standard","has-post-thumbnail","hentry","category-actualidad-informativa","tag-fernando-zavala","tag-jaime-saavedra","tag-marilu-martens","tag-pcm"],"_links":{"self":[{"href":"https:\/\/elinformanteperu.com\/index.php\/wp-json\/wp\/v2\/posts\/2846","targetHints":{"allow":["GET"]}}],"collection":[{"href":"https:\/\/elinformanteperu.com\/index.php\/wp-json\/wp\/v2\/posts"}],"about":[{"href":"https:\/\/elinformanteperu.com\/index.php\/wp-json\/wp\/v2\/types\/post"}],"author":[{"embeddable":true,"href":"https:\/\/elinformanteperu.com\/index.php\/wp-json\/wp\/v2\/users\/1"}],"replies":[{"embeddable":true,"href":"https:\/\/elinformanteperu.com\/index.php\/wp-json\/wp\/v2\/comments?post=2846"}],"version-history":[{"count":1,"href":"https:\/\/elinformanteperu.com\/index.php\/wp-json\/wp\/v2\/posts\/2846\/revisions"}],"predecessor-version":[{"id":2848,"href":"https:\/\/elinformanteperu.com\/index.php\/wp-json\/wp\/v2\/posts\/2846\/revisions\/2848"}],"wp:featuredmedia":[{"embeddable":true,"href":"https:\/\/elinformanteperu.com\/index.php\/wp-json\/wp\/v2\/media\/2847"}],"wp:attachment":[{"href":"https:\/\/elinformanteperu.com\/index.php\/wp-json\/wp\/v2\/media?parent=2846"}],"wp:term":[{"taxonomy":"category","embeddable":true,"href":"https:\/\/elinformanteperu.com\/index.php\/wp-json\/wp\/v2\/categories?post=2846"},{"taxonomy":"post_tag","embeddable":true,"href":"https:\/\/elinformanteperu.com\/index.php\/wp-json\/wp\/v2\/tags?post=2846"}],"curies":[{"name":"wp","href":"https:\/\/api.w.org\/{rel}","templated":true}]}}