{"id":2840,"date":"2016-12-19T01:42:03","date_gmt":"2016-12-19T06:42:03","guid":{"rendered":"http:\/\/elinformanteperu.com\/?p=2840"},"modified":"2016-12-19T01:42:03","modified_gmt":"2016-12-19T06:42:03","slug":"la-reforma-educativa-sigue-no-hay-tiempo-que-perder-afirma-presidente","status":"publish","type":"post","link":"https:\/\/elinformanteperu.com\/index.php\/2016\/12\/19\/la-reforma-educativa-sigue-no-hay-tiempo-que-perder-afirma-presidente\/","title":{"rendered":"La reforma educativa sigue, no hay tiempo que perder, afirma Presidente"},"content":{"rendered":"<p><strong>El presidente de la Rep\u00fablica, Pedro Pablo Kuczynski, afirm\u00f3 que la reforma educativa contin\u00faa con la nueva titular del Ministerio de Educaci\u00f3n, Maril\u00fa Martens.<\/strong><\/p>\n<p><strong>Lima, 18 Diciembre 2016, (ANDINA).-<\/strong> El presidente de la Rep\u00fablica, Pedro Pablo Kuczynski, afirm\u00f3 que la reforma educativa contin\u00faa con la nueva titular del Ministerio de Educaci\u00f3n, Maril\u00fa Martens, y dijo que en ese tema es necesario \u201ccorrer porque no hay tiempo que perder\u201d.<\/p>\n<p>El mandatario ofreci\u00f3 estas cortas declaraciones ante los asistentes a la ceremonia de juramentaci\u00f3n de la nueva titular del sector.<\/p>\n<p>\u201cLa reforma sigue, hay que correr. Aqu\u00ed no hay tiempo que perder\u201d, precis\u00f3 el jefe de Estado.<\/p>\n<p>En la cita, realizada en el Sal\u00f3n Dorado de la sede del Poder Ejecutivo, asistieron los dem\u00e1s titulares de portafolio, liderados por el titular de la Presidencia del Consejo de Ministros, Fernando Zavala.<\/p>\n<p>Maril\u00fa Martens reemplaza a Jaime Saavedra, quien fue censurado por el Congreso de la Rep\u00fablica.<\/p>\n","protected":false},"excerpt":{"rendered":"<p>El presidente de la Rep\u00fablica, Pedro Pablo Kuczynski, afirm\u00f3 que la reforma educativa contin\u00faa con la nueva titular del Ministerio de Educaci\u00f3n, Maril\u00fa Martens. Lima, 18 Diciembre 2016, (ANDINA).- El presidente de la Rep\u00fablica, Pedro Pablo Kuczynski, afirm\u00f3 que la reforma educativa contin\u00faa con la nueva titular del Ministerio de Educaci\u00f3n, Maril\u00fa Martens, y dijo [&hellip;]<\/p>\n","protected":false},"author":1,"featured_media":2841,"comment_status":"open","ping_status":"open","sticky":false,"template":"","format":"standard","meta":{"rop_custom_images_group":[],"rop_custom_messages_group":[],"rop_publish_now":"initial","rop_publish_now_accounts":[],"rop_publish_now_history":[],"rop_publish_now_status":"pending","footnotes":""},"categories":[5],"tags":[286,567,74],"class_list":["post-2840","post","type-post","status-publish","format-standard","has-post-thumbnail","hentry","category-actualidad-informativa","tag-jaime-saavedra","tag-marilu-martens","tag-pedro-pablo-kuczynski"],"_links":{"self":[{"href":"https:\/\/elinformanteperu.com\/index.php\/wp-json\/wp\/v2\/posts\/2840","targetHints":{"allow":["GET"]}}],"collection":[{"href":"https:\/\/elinformanteperu.com\/index.php\/wp-json\/wp\/v2\/posts"}],"about":[{"href":"https:\/\/elinformanteperu.com\/index.php\/wp-json\/wp\/v2\/types\/post"}],"author":[{"embeddable":true,"href":"https:\/\/elinformanteperu.com\/index.php\/wp-json\/wp\/v2\/users\/1"}],"replies":[{"embeddable":true,"href":"https:\/\/elinformanteperu.com\/index.php\/wp-json\/wp\/v2\/comments?post=2840"}],"version-history":[{"count":1,"href":"https:\/\/elinformanteperu.com\/index.php\/wp-json\/wp\/v2\/posts\/2840\/revisions"}],"predecessor-version":[{"id":2842,"href":"https:\/\/elinformanteperu.com\/index.php\/wp-json\/wp\/v2\/posts\/2840\/revisions\/2842"}],"wp:featuredmedia":[{"embeddable":true,"href":"https:\/\/elinformanteperu.com\/index.php\/wp-json\/wp\/v2\/media\/2841"}],"wp:attachment":[{"href":"https:\/\/elinformanteperu.com\/index.php\/wp-json\/wp\/v2\/media?parent=2840"}],"wp:term":[{"taxonomy":"category","embeddable":true,"href":"https:\/\/elinformanteperu.com\/index.php\/wp-json\/wp\/v2\/categories?post=2840"},{"taxonomy":"post_tag","embeddable":true,"href":"https:\/\/elinformanteperu.com\/index.php\/wp-json\/wp\/v2\/tags?post=2840"}],"curies":[{"name":"wp","href":"https:\/\/api.w.org\/{rel}","templated":true}]}}