{"id":28325,"date":"2018-06-11T00:45:52","date_gmt":"2018-06-11T05:45:52","guid":{"rendered":"http:\/\/elinformanteperu.com\/?p=28325"},"modified":"2018-06-11T00:45:52","modified_gmt":"2018-06-11T05:45:52","slug":"jorge-castro-si-quiere-el-frente-amplio-que-me-expulse-no-renunciare","status":"publish","type":"post","link":"https:\/\/elinformanteperu.com\/index.php\/2018\/06\/11\/jorge-castro-si-quiere-el-frente-amplio-que-me-expulse-no-renunciare\/","title":{"rendered":"Jorge Castro: si quiere el Frente Amplio que me expulse, no renunciar\u00e9"},"content":{"rendered":"<p><span style=\"color: #000000;\"><strong>El congresista Jorge Castro dijo que no renunciar\u00e1 al Frente Amplio y que esperar\u00e1 la expulsi\u00f3n de esta bancada pol\u00edtica.<\/strong><\/span><\/p>\n<p><span style=\"color: #000000;\"><strong>Lima, 10 de Junio, (ANDINA).-<\/strong> El congresista Jorge Castro dijo que no renunciar\u00e1 al Frente Amplio y que esperar\u00e1 la expulsi\u00f3n de esta bancada, aun cuando reconoci\u00f3 que est\u00e1 \u00abcansado de integrar un grupo parlamentario que no tiene agenda propia\u00bb.<\/span><\/p>\n<p><span style=\"color: #000000;\">En declaraciones a la Agencia Andina, precis\u00f3 que por el momento est\u00e1 \u201cvirtualmente\u201d fuera de este grupo parlamentario a pesar de que no se haya \u00aboficializado\u201d su salida.<\/span><\/p>\n<p><span style=\"color: #000000;\">\u201cNo es que no quiera irme, fui invitado al Frente Amplio como parte de un movimiento regional que integro por eso no tengo porqu\u00e9 renunciar, ahora si quieren que me expulsen o me boten de esta bancada\u201d, manifest\u00f3.<\/span><\/p>\n<p><span style=\"color: #000000;\">Dijo que en el Frente Amplio no solo est\u00e1 integrado por Tierra y Libertad, sino tambi\u00e9n por otras agrupaciones, aunque refiri\u00f3 que el grupo liderado por Marco Arana quiere tener todo el poder, algo con lo que \u201cnunca comulg\u00f3\u201d.<\/span><\/p>\n<p><span style=\"color: #000000;\">\u201cYo siempre pens\u00e9 que en un frente se da espacio a todos, no a una sola agrupaci\u00f3n, pero en este caso, uno de sus integrantes (Tierra y Libertad) quiere monopolizar todo, comisiones, nombramientos, y eso es algo que nunca acept\u00e9\u201d, refiri\u00f3.<\/span><\/p>\n<p><span style=\"color: #000000;\">Castro asegur\u00f3 que hace un a\u00f1o convers\u00f3 con los integrantes del Frente Amplio para dejar la bancada, pero no lo hizo en su momento.<\/span><\/p>\n<p><span style=\"color: #000000;\">\u201cCreo que en la actualidad esto ya no puede continuar, ni para el bien m\u00edo ni de ellos. Ya me cans\u00e9 de estar en un grupo que no tiene una agenda propia, sino que simplemente se basa en estar en contra de todo lo que dice el fujimorismo\u201d, se\u00f1al\u00f3.<\/span><\/p>\n<p><span style=\"color: #000000;\">Precis\u00f3, sin embargo, que continuar\u00e1 en las Comisiones de Vivienda y Transportes del Parlamento hasta que culmine la actual Legislatura.<\/span><\/p>\n<p><span style=\"color: #000000;\">Asimismo, refiri\u00f3 que los comentarios negativos en su contra, provenientes desde su propia bancada, comenzaron cuando estuvo en la vicepresidencia de la Comisi\u00f3n Lava Jato, \u201cal sentirse perjudicados por mi protagonismo\u201d.<\/span><\/p>\n<p><span style=\"color: #000000;\">Como se recuerda, a mediados del mes de mayo el parlamentario anunci\u00f3 que se renunciar\u00eda de manera irrevocable al Frente Amplio, tras confesar sentirse inc\u00f3modo desde algunos meses por las diferencias con este grupo parlamentario.<\/span><\/p>\n<p><span style=\"color: #000000;\">Igualmente, no descart\u00f3 que se produzcan m\u00e1s dimisiones en esta bancada, alegando que m\u00e1s legisladores est\u00e1n descontentos de integrar sus filas.<\/span><\/p>\n<p><span style=\"color: #000000;\">El vocero del Frente Amplio, Wilber Rozas, sostuvo esta tarde que Jorge Castro ya no cuenta para esta bancada.<\/span><\/p>\n","protected":false},"excerpt":{"rendered":"<p>El congresista Jorge Castro dijo que no renunciar\u00e1 al Frente Amplio y que esperar\u00e1 la expulsi\u00f3n de esta bancada pol\u00edtica. Lima, 10 de Junio, (ANDINA).- El congresista Jorge Castro dijo que no renunciar\u00e1 al Frente Amplio y que esperar\u00e1 la expulsi\u00f3n de esta bancada, aun cuando reconoci\u00f3 que est\u00e1 \u00abcansado de integrar un grupo parlamentario [&hellip;]<\/p>\n","protected":false},"author":1,"featured_media":28327,"comment_status":"open","ping_status":"open","sticky":false,"template":"","format":"standard","meta":{"rop_custom_images_group":[],"rop_custom_messages_group":[],"rop_publish_now":"initial","rop_publish_now_accounts":[],"rop_publish_now_history":[],"rop_publish_now_status":"pending","footnotes":""},"categories":[5],"tags":[158,2023],"class_list":["post-28325","post","type-post","status-publish","format-standard","has-post-thumbnail","hentry","category-actualidad-informativa","tag-frente-amplio","tag-jorge-castro"],"_links":{"self":[{"href":"https:\/\/elinformanteperu.com\/index.php\/wp-json\/wp\/v2\/posts\/28325","targetHints":{"allow":["GET"]}}],"collection":[{"href":"https:\/\/elinformanteperu.com\/index.php\/wp-json\/wp\/v2\/posts"}],"about":[{"href":"https:\/\/elinformanteperu.com\/index.php\/wp-json\/wp\/v2\/types\/post"}],"author":[{"embeddable":true,"href":"https:\/\/elinformanteperu.com\/index.php\/wp-json\/wp\/v2\/users\/1"}],"replies":[{"embeddable":true,"href":"https:\/\/elinformanteperu.com\/index.php\/wp-json\/wp\/v2\/comments?post=28325"}],"version-history":[{"count":1,"href":"https:\/\/elinformanteperu.com\/index.php\/wp-json\/wp\/v2\/posts\/28325\/revisions"}],"predecessor-version":[{"id":28328,"href":"https:\/\/elinformanteperu.com\/index.php\/wp-json\/wp\/v2\/posts\/28325\/revisions\/28328"}],"wp:featuredmedia":[{"embeddable":true,"href":"https:\/\/elinformanteperu.com\/index.php\/wp-json\/wp\/v2\/media\/28327"}],"wp:attachment":[{"href":"https:\/\/elinformanteperu.com\/index.php\/wp-json\/wp\/v2\/media?parent=28325"}],"wp:term":[{"taxonomy":"category","embeddable":true,"href":"https:\/\/elinformanteperu.com\/index.php\/wp-json\/wp\/v2\/categories?post=28325"},{"taxonomy":"post_tag","embeddable":true,"href":"https:\/\/elinformanteperu.com\/index.php\/wp-json\/wp\/v2\/tags?post=28325"}],"curies":[{"name":"wp","href":"https:\/\/api.w.org\/{rel}","templated":true}]}}