{"id":28321,"date":"2018-06-11T00:37:28","date_gmt":"2018-06-11T05:37:28","guid":{"rendered":"http:\/\/elinformanteperu.com\/?p=28321"},"modified":"2018-06-11T00:37:28","modified_gmt":"2018-06-11T05:37:28","slug":"pj-invoca-al-tc-a-autorregularse-y-no-convertirse-en-tercera-instancia","status":"publish","type":"post","link":"https:\/\/elinformanteperu.com\/index.php\/2018\/06\/11\/pj-invoca-al-tc-a-autorregularse-y-no-convertirse-en-tercera-instancia\/","title":{"rendered":"PJ invoca al TC a autorregularse y no convertirse en tercera instancia"},"content":{"rendered":"<p><strong><span style=\"color: #000000;\">El presidente del Poder Judicial, Duberl\u00ed Rodr\u00edguez Tineo, invoc\u00f3 al Tribunal Constitucional a autorregularse e intervenir solo excepcionalmente en los procesos judiciales resueltos.<\/span><\/strong><\/p>\n<p><span style=\"color: #000000;\"><strong>Lima, 10 de Junio, (ANDINA).-<\/strong> El presidente del Poder Judicial, Duberl\u00ed Rodr\u00edguez Tineo, invoc\u00f3 al Tribunal Constitucional (TC) a autorregularse e intervenir solo excepcionalmente en los procesos judiciales resueltos por la justicia ordinaria y en aquellos casos que se justifique.<\/span><\/p>\n<p><span style=\"color: #000000;\">\u201cLo que les puedo pedir a los amigos del TC es que se autorregulen, se autolimiten, vale decir, que de manera excepcional intervengan en los casos que ya han sido resueltos en la justicia ordinaria\u201d, afirm\u00f3.<\/span><\/p>\n<p><span style=\"color: #000000;\">Rodr\u00edguez Tineo, sin embargo, precis\u00f3 que el TC s\u00ed puede revisar las sentencias del Poder Judicial. <\/span><\/p>\n<p><span style=\"color: #000000;\">Si la intervenci\u00f3n del TC se hace habitual, dijo, se convertir\u00edan en una tercera instancia, que afectar\u00e1 el principio de la seguridad jur\u00eddica.<\/span><\/p>\n<p><span style=\"color: #000000;\">Precis\u00f3 que en todo el mundo los ciudadanos tienen derecho a la primera y segunda instancia en un proceso judicial. \u201cNo existe tercera ni cuarta instancia\u201d, remarc\u00f3. <\/span><\/p>\n<p><span style=\"color: #000000;\">Duberl\u00ed Rodr\u00edguez formul\u00f3 este comentario a ra\u00edz de la participaci\u00f3n del TC en los casos del expresidente Ollanta Humala y de la exlegisladora Tula Benites, hasta donde acudieron en busca de pretensiones que les fueron denegadas por el Poder Judicial.<\/span><\/p>\n<p><span style=\"color: #000000;\">En ambos casos, asegur\u00f3 que el Judicial ya dijo su palabra. \u201c\u00bfEs pertinente que el TC interfiera en la justicia ordinaria?\u201d, se pregunt\u00f3. <\/span><\/p>\n<p><strong><span style=\"color: #000000;\">Ratificaci\u00f3n de magistrados<\/span><\/strong><\/p>\n<p><span style=\"color: #000000;\">De otro lado, Rodr\u00edguez Tineo reiter\u00f3 la posici\u00f3n de la Sala Plena de la Corte Suprema, para que se elimine la figura de la ratificaci\u00f3n de los magistrados cada siete a\u00f1os por parte del Consejo Nacional de la Magistratura (CNM). <\/span><\/p>\n<p><span style=\"color: #000000;\">Se\u00f1al\u00f3 que en Am\u00e9rica Latina el procedimiento de la ratificaci\u00f3n de jueces solo se aplica en un pa\u00eds.<\/span><\/p>\n<p><span style=\"color: #000000;\">Precis\u00f3 que los jueces superiores y de niveles inferiores est\u00e1n sujetos al control de la Oficina de Control de la Magistratura (OCMA), mientras que los jueces supremos est\u00e1n sujetos a la vigilancia del Congreso de la Rep\u00fablica, la Fiscal\u00eda de la Naci\u00f3n y el CNM. <\/span><\/p>\n<p><span style=\"color: #000000;\">Sostuvo que los jueces provisionales son titulares en los niveles inferiores de la judicatura.<\/span><\/p>\n","protected":false},"excerpt":{"rendered":"<p>El presidente del Poder Judicial, Duberl\u00ed Rodr\u00edguez Tineo, invoc\u00f3 al Tribunal Constitucional a autorregularse e intervenir solo excepcionalmente en los procesos judiciales resueltos. Lima, 10 de Junio, (ANDINA).- El presidente del Poder Judicial, Duberl\u00ed Rodr\u00edguez Tineo, invoc\u00f3 al Tribunal Constitucional (TC) a autorregularse e intervenir solo excepcionalmente en los procesos judiciales resueltos por la justicia [&hellip;]<\/p>\n","protected":false},"author":1,"featured_media":28323,"comment_status":"open","ping_status":"open","sticky":false,"template":"","format":"standard","meta":{"rop_custom_images_group":[],"rop_custom_messages_group":[],"rop_publish_now":"initial","rop_publish_now_accounts":[],"rop_publish_now_history":[],"rop_publish_now_status":"pending","footnotes":""},"categories":[5],"tags":[704,163,1402,1401],"class_list":["post-28321","post","type-post","status-publish","format-standard","has-post-thumbnail","hentry","category-actualidad-informativa","tag-duberli-rodriguez","tag-poder-judicial","tag-tc","tag-tribunal-constitucional"],"_links":{"self":[{"href":"https:\/\/elinformanteperu.com\/index.php\/wp-json\/wp\/v2\/posts\/28321","targetHints":{"allow":["GET"]}}],"collection":[{"href":"https:\/\/elinformanteperu.com\/index.php\/wp-json\/wp\/v2\/posts"}],"about":[{"href":"https:\/\/elinformanteperu.com\/index.php\/wp-json\/wp\/v2\/types\/post"}],"author":[{"embeddable":true,"href":"https:\/\/elinformanteperu.com\/index.php\/wp-json\/wp\/v2\/users\/1"}],"replies":[{"embeddable":true,"href":"https:\/\/elinformanteperu.com\/index.php\/wp-json\/wp\/v2\/comments?post=28321"}],"version-history":[{"count":1,"href":"https:\/\/elinformanteperu.com\/index.php\/wp-json\/wp\/v2\/posts\/28321\/revisions"}],"predecessor-version":[{"id":28324,"href":"https:\/\/elinformanteperu.com\/index.php\/wp-json\/wp\/v2\/posts\/28321\/revisions\/28324"}],"wp:featuredmedia":[{"embeddable":true,"href":"https:\/\/elinformanteperu.com\/index.php\/wp-json\/wp\/v2\/media\/28323"}],"wp:attachment":[{"href":"https:\/\/elinformanteperu.com\/index.php\/wp-json\/wp\/v2\/media?parent=28321"}],"wp:term":[{"taxonomy":"category","embeddable":true,"href":"https:\/\/elinformanteperu.com\/index.php\/wp-json\/wp\/v2\/categories?post=28321"},{"taxonomy":"post_tag","embeddable":true,"href":"https:\/\/elinformanteperu.com\/index.php\/wp-json\/wp\/v2\/tags?post=28321"}],"curies":[{"name":"wp","href":"https:\/\/api.w.org\/{rel}","templated":true}]}}