{"id":2829,"date":"2016-12-19T01:11:38","date_gmt":"2016-12-19T06:11:38","guid":{"rendered":"http:\/\/elinformanteperu.com\/?p=2829"},"modified":"2016-12-19T01:11:38","modified_gmt":"2016-12-19T06:11:38","slug":"accion-popular-planteara-temas-concretos-en-dialogo-con-mandatario","status":"publish","type":"post","link":"https:\/\/elinformanteperu.com\/index.php\/2016\/12\/19\/accion-popular-planteara-temas-concretos-en-dialogo-con-mandatario\/","title":{"rendered":"Acci\u00f3n Popular plantear\u00e1 temas concretos en di\u00e1logo con Mandatario"},"content":{"rendered":"<p><strong>Acci\u00f3n Popular plantear\u00e1 una agenda de temas concretos para tratar con el Jefe de Estado, Pedro Pablo Kuczynski, en el di\u00e1logo que este sostendr\u00e1 con las fuerzas pol\u00edticas<\/strong><\/p>\n<p><strong>Lima, 18 Diciembre 2016, (ANDINA).-<\/strong> Acci\u00f3n Popular plantear\u00e1 una agenda de temas concretos para tratar con el Jefe de Estado, Pedro Pablo Kuczynski, en el di\u00e1logo que este sostendr\u00e1 con las fuerzas pol\u00edticas, adelant\u00f3 el legislador de esa colectividad pol\u00edtica, Yonhy Lescano, al confirmar que su agrupaci\u00f3n acudir\u00e1 a ese llamado.<\/p>\n<p>Indic\u00f3 que entre la lista de temas figurar\u00e1, por ejemplo, la seguridad ciudadana, la reforma de la educaci\u00f3n y la salud p\u00fablica, pues la intenci\u00f3n -dijo- es que el referido encuentro no sea \u201cuna simple conversaci\u00f3n para la foto o un saludo a la bandera\u201d.<\/p>\n<p>\u201cQue esta reuni\u00f3n sea algo absolutamente concreto y objetivo, que sean cosas que nos comprometamos a resolver en un tiempo determinado, no solo para salir a hablar bonito, tomarse la foto y luego dejarlo ah\u00ed\u201d, remarc\u00f3 el parlamentario.<\/p>\n<p>Seg\u00fan afirm\u00f3, los esfuerzos para sacar adelante al Per\u00fa no son exclusivos del Gobierno o del Poder Ejecutivo, sino tambi\u00e9n del Congreso de la Rep\u00fablica y de las organizaciones pol\u00edticas.<\/p>\n<p>\u201cLas fuerzas pol\u00edticas tienen que colaborar para llevar adelante al Per\u00fa. Nosotros, como Acci\u00f3n Popular, vamos a ir a dialogar, pero le vamos a pedir al Presidente cuatro o cinco temas concretos que se materialicen en el pa\u00eds\u201d, manifest\u00f3 en di\u00e1logo con la Agencia Andina.<\/p>\n<p>Como se recuerda, el Dignatario expres\u00f3 esta semana su voluntad de dialogar con las fuerzas pol\u00edticas del pa\u00eds en un ambiente de respeto mutuo, al considerar que \u201cla campa\u00f1a electoral ya termin\u00f3 hace siete meses\u201d.<\/p>\n<p>D\u00edas despu\u00e9s, el cardenal Juan Luis Cipriani ofreci\u00f3 su casa para una reuni\u00f3n entre el presidente Pedro Pablo Kuczynski, y la lideresa de Fuerza Popular, Keiko Fujimori, e inform\u00f3 que ambos aceptaron la convocatoria, aunque falta precisar la fecha del encuentro.<\/p>\n","protected":false},"excerpt":{"rendered":"<p>Acci\u00f3n Popular plantear\u00e1 una agenda de temas concretos para tratar con el Jefe de Estado, Pedro Pablo Kuczynski, en el di\u00e1logo que este sostendr\u00e1 con las fuerzas pol\u00edticas Lima, 18 Diciembre 2016, (ANDINA).- Acci\u00f3n Popular plantear\u00e1 una agenda de temas concretos para tratar con el Jefe de Estado, Pedro Pablo Kuczynski, en el di\u00e1logo que [&hellip;]<\/p>\n","protected":false},"author":1,"featured_media":2830,"comment_status":"open","ping_status":"open","sticky":false,"template":"","format":"standard","meta":{"rop_custom_images_group":[],"rop_custom_messages_group":[],"rop_publish_now":"initial","rop_publish_now_accounts":[],"rop_publish_now_history":[],"rop_publish_now_status":"pending","footnotes":""},"categories":[5],"tags":[326,74,73,475],"class_list":["post-2829","post","type-post","status-publish","format-standard","has-post-thumbnail","hentry","category-actualidad-informativa","tag-accion-popular","tag-pedro-pablo-kuczynski","tag-ppk","tag-yonhy-lescano"],"_links":{"self":[{"href":"https:\/\/elinformanteperu.com\/index.php\/wp-json\/wp\/v2\/posts\/2829","targetHints":{"allow":["GET"]}}],"collection":[{"href":"https:\/\/elinformanteperu.com\/index.php\/wp-json\/wp\/v2\/posts"}],"about":[{"href":"https:\/\/elinformanteperu.com\/index.php\/wp-json\/wp\/v2\/types\/post"}],"author":[{"embeddable":true,"href":"https:\/\/elinformanteperu.com\/index.php\/wp-json\/wp\/v2\/users\/1"}],"replies":[{"embeddable":true,"href":"https:\/\/elinformanteperu.com\/index.php\/wp-json\/wp\/v2\/comments?post=2829"}],"version-history":[{"count":1,"href":"https:\/\/elinformanteperu.com\/index.php\/wp-json\/wp\/v2\/posts\/2829\/revisions"}],"predecessor-version":[{"id":2831,"href":"https:\/\/elinformanteperu.com\/index.php\/wp-json\/wp\/v2\/posts\/2829\/revisions\/2831"}],"wp:featuredmedia":[{"embeddable":true,"href":"https:\/\/elinformanteperu.com\/index.php\/wp-json\/wp\/v2\/media\/2830"}],"wp:attachment":[{"href":"https:\/\/elinformanteperu.com\/index.php\/wp-json\/wp\/v2\/media?parent=2829"}],"wp:term":[{"taxonomy":"category","embeddable":true,"href":"https:\/\/elinformanteperu.com\/index.php\/wp-json\/wp\/v2\/categories?post=2829"},{"taxonomy":"post_tag","embeddable":true,"href":"https:\/\/elinformanteperu.com\/index.php\/wp-json\/wp\/v2\/tags?post=2829"}],"curies":[{"name":"wp","href":"https:\/\/api.w.org\/{rel}","templated":true}]}}