{"id":28226,"date":"2018-06-09T12:14:45","date_gmt":"2018-06-09T17:14:45","guid":{"rendered":"http:\/\/elinformanteperu.com\/?p=28226"},"modified":"2018-06-09T12:15:42","modified_gmt":"2018-06-09T17:15:42","slug":"pedro-almodovar-sorprende-con-personajes-de-nueva-pelicula","status":"publish","type":"post","link":"https:\/\/elinformanteperu.com\/index.php\/2018\/06\/09\/pedro-almodovar-sorprende-con-personajes-de-nueva-pelicula\/","title":{"rendered":"Pedro Almod\u00f3var sorprende con personajes de nueva pel\u00edcula"},"content":{"rendered":"<p><strong><span style=\"color: #000000;\">El cineasta espa\u00f1ol Pedro Almod\u00f3var trabaja en los \u00faltimos detalles para su nueva pel\u00edcula Dolor y gloria, en la que participan Pen\u00e9lope Cruz y Antonio Banderas.<\/span><\/strong><\/p>\n<p><span style=\"color: #000000;\"><strong>Madrid, 08 de Junio, (PL).-<\/strong> El cineasta espa\u00f1ol Pedro Almod\u00f3var trabaja en los \u00faltimos detalles para su nueva pel\u00edcula Dolor y gloria, en la que participan Pen\u00e9lope Cruz y Antonio Banderas con papeles presumiblemente desconcertantes ante el p\u00fablico.<\/span><\/p>\n<p><span style=\"color: #000000;\">Seg\u00fan la casa productora espa\u00f1ola El Deseo, creada por Almod\u00f3var, la cinta comenzar\u00e1 su filmaci\u00f3n en la primera quincena de julio y depara sorpresas, como la de los papeles protag\u00f3nicos de Cruz y Banderas, quienes encarnar\u00e1n a madre e hijo, argumento, para algunos, imposible, pues el afamado actor es 14 a\u00f1os mayor que ella.<\/span><\/p>\n<p><span style=\"color: #000000;\">De acuerdo con el realizador, el filme abordar\u00e1 las distintas emociones de un director de cine a nivel personal y profesional.<\/span><\/p>\n<p><span style=\"color: #000000;\">&#8216;Es una serie de reencuentros -algunos actuales y otros del pasado- de un cineasta en el ocaso de la carrera; los primeros o segundos amores, la mortalidad, los a\u00f1os sesenta y ochenta; tambi\u00e9n el presente y el inconmensurable vac\u00edo ante la imposibilidad de seguir rodando&#8217;, precis\u00f3 Almod\u00f3var al hablar sobre la trama.<\/span><\/p>\n<p><span style=\"color: #000000;\">Dolor y gloria trata de la creaci\u00f3n cinematogr\u00e1fica y teatral, y de la dificultad de separar la creaci\u00f3n de la propia vida, agreg\u00f3.<\/span><\/p>\n<p><span style=\"color: #000000;\">Este ser\u00e1 el vig\u00e9simo primer largometraje del cineasta manchego (por el lugar de nacimiento en Comunidad Aut\u00f3noma de Castilla-La Mancha) y en \u00e9l, seg\u00fan sus palabras, &#8216;recupera a dos actrices que adora&#8217;, a Cruz y a Julieta Serrano.<\/span><\/p>\n<p><span style=\"color: #000000;\">La primera protagoniz\u00f3 con Almod\u00f3var en cintas como Volver (1999); Todo sobre mi madre (2006); o Los amantes pasajeros (2013).<\/span><\/p>\n<p><span style=\"color: #000000;\">Serrano particip\u00f3, entre otras, en la pel\u00edcula Mujeres al borde de un ataque de nervios (1988), ganadora ese a\u00f1o del premio Goya por Mejor Pel\u00edcula y candidata a los Premios \u00d3scar, en la que adem\u00e1s, comparti\u00f3 elenco con Banderas.<\/span><\/p>\n<p><span style=\"color: #000000;\">El actor trabaj\u00f3 con el cineasta en filmes como La piel que habito (2011).<\/span><\/p>\n<p><span style=\"color: #000000;\">Completan el elenco de Dolor y gloria el artista bilba\u00edno Asier Extxeandia, quien particip\u00f3 en la serie juvenil Un Paso Adelante (2002).<\/span><\/p>\n<p><img fetchpriority=\"high\" decoding=\"async\" class=\"aligncenter size-full wp-image-1492\" src=\"http:\/\/elinformanteperu.com\/wp-content\/uploads\/2016\/11\/penelope-cruz.jpg\" alt=\"\" width=\"2048\" height=\"1150\" srcset=\"https:\/\/elinformanteperu.com\/wp-content\/uploads\/2016\/11\/penelope-cruz.jpg 2048w, https:\/\/elinformanteperu.com\/wp-content\/uploads\/2016\/11\/penelope-cruz-300x168.jpg 300w, https:\/\/elinformanteperu.com\/wp-content\/uploads\/2016\/11\/penelope-cruz-768x431.jpg 768w, https:\/\/elinformanteperu.com\/wp-content\/uploads\/2016\/11\/penelope-cruz-1024x575.jpg 1024w, https:\/\/elinformanteperu.com\/wp-content\/uploads\/2016\/11\/penelope-cruz-128x72.jpg 128w, https:\/\/elinformanteperu.com\/wp-content\/uploads\/2016\/11\/penelope-cruz-32x18.jpg 32w, https:\/\/elinformanteperu.com\/wp-content\/uploads\/2016\/11\/penelope-cruz-935x526.jpg 935w\" sizes=\"(max-width: 2048px) 100vw, 2048px\" \/><\/p>\n","protected":false},"excerpt":{"rendered":"<p>El cineasta espa\u00f1ol Pedro Almod\u00f3var trabaja en los \u00faltimos detalles para su nueva pel\u00edcula Dolor y gloria, en la que participan Pen\u00e9lope Cruz y Antonio Banderas. Madrid, 08 de Junio, (PL).- El cineasta espa\u00f1ol Pedro Almod\u00f3var trabaja en los \u00faltimos detalles para su nueva pel\u00edcula Dolor y gloria, en la que participan Pen\u00e9lope Cruz y [&hellip;]<\/p>\n","protected":false},"author":1,"featured_media":5408,"comment_status":"open","ping_status":"open","sticky":false,"template":"","format":"standard","meta":{"rop_custom_images_group":[],"rop_custom_messages_group":[],"rop_publish_now":"initial","rop_publish_now_accounts":[],"rop_publish_now_history":[],"rop_publish_now_status":"pending","footnotes":""},"categories":[7],"tags":[3112,1003,245],"class_list":["post-28226","post","type-post","status-publish","format-standard","has-post-thumbnail","hentry","category-butaca","tag-antonio-banderas","tag-pedro-almodovar","tag-penelope-cruz"],"_links":{"self":[{"href":"https:\/\/elinformanteperu.com\/index.php\/wp-json\/wp\/v2\/posts\/28226","targetHints":{"allow":["GET"]}}],"collection":[{"href":"https:\/\/elinformanteperu.com\/index.php\/wp-json\/wp\/v2\/posts"}],"about":[{"href":"https:\/\/elinformanteperu.com\/index.php\/wp-json\/wp\/v2\/types\/post"}],"author":[{"embeddable":true,"href":"https:\/\/elinformanteperu.com\/index.php\/wp-json\/wp\/v2\/users\/1"}],"replies":[{"embeddable":true,"href":"https:\/\/elinformanteperu.com\/index.php\/wp-json\/wp\/v2\/comments?post=28226"}],"version-history":[{"count":2,"href":"https:\/\/elinformanteperu.com\/index.php\/wp-json\/wp\/v2\/posts\/28226\/revisions"}],"predecessor-version":[{"id":28229,"href":"https:\/\/elinformanteperu.com\/index.php\/wp-json\/wp\/v2\/posts\/28226\/revisions\/28229"}],"wp:featuredmedia":[{"embeddable":true,"href":"https:\/\/elinformanteperu.com\/index.php\/wp-json\/wp\/v2\/media\/5408"}],"wp:attachment":[{"href":"https:\/\/elinformanteperu.com\/index.php\/wp-json\/wp\/v2\/media?parent=28226"}],"wp:term":[{"taxonomy":"category","embeddable":true,"href":"https:\/\/elinformanteperu.com\/index.php\/wp-json\/wp\/v2\/categories?post=28226"},{"taxonomy":"post_tag","embeddable":true,"href":"https:\/\/elinformanteperu.com\/index.php\/wp-json\/wp\/v2\/tags?post=28226"}],"curies":[{"name":"wp","href":"https:\/\/api.w.org\/{rel}","templated":true}]}}