{"id":27887,"date":"2018-06-05T20:06:55","date_gmt":"2018-06-06T01:06:55","guid":{"rendered":"http:\/\/elinformanteperu.com\/?p=27887"},"modified":"2018-06-05T20:06:55","modified_gmt":"2018-06-06T01:06:55","slug":"cantante-espanol-pablo-alboran-publica-version-del-tema-la-llave","status":"publish","type":"post","link":"https:\/\/elinformanteperu.com\/index.php\/2018\/06\/05\/cantante-espanol-pablo-alboran-publica-version-del-tema-la-llave\/","title":{"rendered":"Cantante espa\u00f1ol Pablo Albor\u00e1n publica versi\u00f3n del tema La llave"},"content":{"rendered":"<p><strong><span style=\"color: #000000;\">El cantante espa\u00f1ol Pablo Albor\u00e1n public\u00f3 en plataformas digitales una versi\u00f3n del tema La llave, en colaboraci\u00f3n con el grupo colombiano Piso 21.<\/span><\/strong><\/p>\n<p><span style=\"color: #000000;\"><strong>Madrid, 05 de Junio, (PL).-<\/strong> El cantante espa\u00f1ol Pablo Albor\u00e1n public\u00f3 en plataformas digitales una versi\u00f3n del tema La llave, en colaboraci\u00f3n con el grupo colombiano Piso 21, que acumula miles de reproducciones en YouTube.<\/span><\/p>\n<p><span style=\"color: #000000;\">La entrega viene acompa\u00f1ada de un v\u00eddeo clip promocional grabado, que fue dirigido por la compa\u00f1\u00eda audiovisual 36 Grados, que ha trabajado con figuras como J Balvin, Daddy Yankee y Maluma.<\/span><\/p>\n<p><span style=\"color: #000000;\">El sencillo est\u00e1 incluido en la edici\u00f3n limitada del m\u00e1s reciente \u00e1lbum del artista titulado Prometo, que entr\u00f3 en circulaci\u00f3n el pasado a\u00f1o acu\u00f1ado por el sello discogr\u00e1fico Warner Music.<\/span><\/p>\n<p><span style=\"color: #000000;\">La placa incluye 13 temas, y llega despu\u00e9s de Terral (2014), un exitoso disco nominado al premio Grammy Latino en las categor\u00edas Mejor \u00c1lbum Vocal Pop Contempor\u00e1neo, y Mejor v\u00eddeo musical versi\u00f3n larga.<\/span><\/p>\n<p><span style=\"color: #000000;\">Para promocionar el fonograma Albor\u00e1n emprendi\u00f3 una gira mundial el 1 de marzo por escenarios de Latinoam\u00e9rica, periplo que en su primera etapa tiene paradas confirmadas en M\u00e9xico, Guatemala, Panam\u00e1, Costa Rica, Colombia, Per\u00fa, Argentina, Ecuador, Uruguay, y Chile.<\/span><\/p>\n<p><iframe title=\"Pablo Albor\u00e1n - La llave (feat. Piso 21) (Videoclip Oficial)\" width=\"615\" height=\"346\" src=\"https:\/\/www.youtube.com\/embed\/m3p4TX0sWqw?feature=oembed\" frameborder=\"0\" allow=\"accelerometer; autoplay; clipboard-write; encrypted-media; gyroscope; picture-in-picture; web-share\" referrerpolicy=\"strict-origin-when-cross-origin\" allowfullscreen><\/iframe><\/p>\n","protected":false},"excerpt":{"rendered":"<p>El cantante espa\u00f1ol Pablo Albor\u00e1n public\u00f3 en plataformas digitales una versi\u00f3n del tema La llave, en colaboraci\u00f3n con el grupo colombiano Piso 21. Madrid, 05 de Junio, (PL).- El cantante espa\u00f1ol Pablo Albor\u00e1n public\u00f3 en plataformas digitales una versi\u00f3n del tema La llave, en colaboraci\u00f3n con el grupo colombiano Piso 21, que acumula miles de [&hellip;]<\/p>\n","protected":false},"author":1,"featured_media":15091,"comment_status":"open","ping_status":"open","sticky":false,"template":"","format":"standard","meta":{"rop_custom_images_group":[],"rop_custom_messages_group":[],"rop_publish_now":"initial","rop_publish_now_accounts":[],"rop_publish_now_history":[],"rop_publish_now_status":"pending","footnotes":""},"categories":[69],"tags":[2102,3195],"class_list":["post-27887","post","type-post","status-publish","format-standard","has-post-thumbnail","hentry","category-musica","tag-pablo-alboran","tag-piso-21"],"_links":{"self":[{"href":"https:\/\/elinformanteperu.com\/index.php\/wp-json\/wp\/v2\/posts\/27887","targetHints":{"allow":["GET"]}}],"collection":[{"href":"https:\/\/elinformanteperu.com\/index.php\/wp-json\/wp\/v2\/posts"}],"about":[{"href":"https:\/\/elinformanteperu.com\/index.php\/wp-json\/wp\/v2\/types\/post"}],"author":[{"embeddable":true,"href":"https:\/\/elinformanteperu.com\/index.php\/wp-json\/wp\/v2\/users\/1"}],"replies":[{"embeddable":true,"href":"https:\/\/elinformanteperu.com\/index.php\/wp-json\/wp\/v2\/comments?post=27887"}],"version-history":[{"count":1,"href":"https:\/\/elinformanteperu.com\/index.php\/wp-json\/wp\/v2\/posts\/27887\/revisions"}],"predecessor-version":[{"id":27889,"href":"https:\/\/elinformanteperu.com\/index.php\/wp-json\/wp\/v2\/posts\/27887\/revisions\/27889"}],"wp:featuredmedia":[{"embeddable":true,"href":"https:\/\/elinformanteperu.com\/index.php\/wp-json\/wp\/v2\/media\/15091"}],"wp:attachment":[{"href":"https:\/\/elinformanteperu.com\/index.php\/wp-json\/wp\/v2\/media?parent=27887"}],"wp:term":[{"taxonomy":"category","embeddable":true,"href":"https:\/\/elinformanteperu.com\/index.php\/wp-json\/wp\/v2\/categories?post=27887"},{"taxonomy":"post_tag","embeddable":true,"href":"https:\/\/elinformanteperu.com\/index.php\/wp-json\/wp\/v2\/tags?post=27887"}],"curies":[{"name":"wp","href":"https:\/\/api.w.org\/{rel}","templated":true}]}}